{"id":8105,"date":"2018-07-30T14:53:52","date_gmt":"2018-07-30T19:53:52","guid":{"rendered":"https:\/\/milibrohispano.org\/?p=8105"},"modified":"2018-08-02T10:13:29","modified_gmt":"2018-08-02T15:13:29","slug":"hispanic-heritage-literature-organization-recibio-reconocimiento-en-galapagos","status":"publish","type":"post","link":"https:\/\/milibrohispano.org\/en\/hispanic-heritage-literature-organization-recibio-reconocimiento-en-galapagos\/","title":{"rendered":"Hispanic Heritage Literature Organization recibi\u00f3 reconocimiento en Gal\u00e1pagos"},"content":{"rendered":"<div class=\"wpb-content-wrapper\"><p>[vc_row][vc_column][vc_column_text]Islas Gal\u00e1pagos, Ecuador. Julio de 2018. Hispanic Heritage Literature Organization \/ Milibrohispano.org recibi\u00f3 junto a otras organizaciones de car\u00e1cter ecol\u00f3gico, un reconocimiento especial por su apoyo a las labores de protecci\u00f3n del medio ambiente en Islas Gal\u00e1pagos.<\/p>\n<p>En acto solemne se entregaron\u00a0reconocimientos\u00a0a las personas y organizaciones que se han destacado como voceros y activistas del medio ambiente en las islas Gal\u00e1pagos, dentro de la Campa\u00f1a &#8220;Gal\u00e1pagos por una Cultura Sin Pl\u00e1stico&#8221; que impulsa el Consejo de Gobierno del R\u00e9gimen Especial de Gal\u00e1pagos.<\/p>\n<blockquote><p>Desde 2016,\u00a0Hispanic Heritage Literature Organization \/ Milibrohispano.org, se ha comprometido a trav\u00e9s de su gesti\u00f3n literaria y cultural,\u00a0con la tarea de promover\u00a0tem\u00e1ticas de orden ambiental desde la literatura y el arte.\u00a0 Como lo afirma Pilar V\u00e9lez, presidenta de la organizaci\u00f3n, &#8220;Aunque se ha anunciado de forma masiva en las redes y en los medios sobre el\u00a0da\u00f1o que se le est\u00e1 causando al\u00a0ambiente, el problema de contaminaci\u00f3n escala cada segundo.\u00a0 Es necesario emprender campa\u00f1as que eduquen a la comunidad y ante todo que sensibilicen al ser humano sobre el valor de la vida del planeta, con el de modificar conductas y maneras de pensar.\u00a0 El pl\u00e1stico es un material que el planeta no puede digerir y puede tardar hasta 1.000 a\u00f1os en descomponerse. No hay raz\u00f3n para usar este material en la fabricaci\u00f3n de art\u00edculos desechables; su uso deliberado est\u00e1 causando una catastrofe ambiental que tenemos que remediar, y los escritores y artistas podemos aportar a este cambio&#8221;.<\/p><\/blockquote>\n<p>Gracias a su labor y apoyo\u00a0 a la &#8220;Gal\u00e1pagos por una Cultura Sin Pl\u00e1stico&#8221;\u00a0, Mi Libro Hispano\u00a0 recibi\u00f3 esta important\u00edsima distinci\u00f3n de manos de la\u00a0 Ministra Presidenta de Gal\u00e1pagos, Ab. Lorena Tapia Nu\u00f1ez. Nuestra Embajadora de buena voluntad, Flor Viviana Naranjo Freire y el historiador y escritor Jorge Su\u00e1rez Viteru, miembroS\u00a0 de APEP CI representaron\u00a0a nuestra instituci\u00f3n.<\/p>\n<p style=\"text-align: center;\"><em>Gracias Gal\u00e1pagos, es un honor ser parte de tu historia.<\/em><\/p>\n<p>\u00a0[\/vc_column_text]<div id=\"ult-carousel-76348053769ec8a64acf8d\" class=\"ult-carousel-wrapper   ult_horizontal\" data-gutter=\"15\" data-rtl=\"false\" ><div class=\"ult-carousel-372222162269ec8a64acdbc \" >[vc_single_image image=&#8221;8114&#8243;][vc_single_image image=&#8221;8110&#8243;][vc_single_image image=&#8221;8115&#8243;][vc_single_image image=&#8221;8113&#8243;][vc_single_image image=&#8221;8109&#8243;][vc_single_image image=&#8221;8108&#8243;]<\/div><\/div>\t\t\t<script data-jetpack-boost=\"ignore\" type=\"text\/javascript\">\n\t\t\t\tjQuery(document).ready(function ($) {\n\t\t\t\t\tif( typeof jQuery('.ult-carousel-372222162269ec8a64acdbc').slick == \"function\"){\n\t\t\t\t\t\t$('.ult-carousel-372222162269ec8a64acdbc').slick({dots: true,autoplay: true,autoplaySpeed: 5000,speed: 300,infinite: true,arrows: true,nextArrow: '<button type=\"button\" role=\"button\" aria-label=\"Next\" style=\"color:#333333; font-size:20px;\" class=\"slick-next default\"><i class=\"ultsl-arrow-right4\"><\/i><\/button>',prevArrow: '<button type=\"button\" role=\"button\" aria-label=\"Previous\" style=\"color:#333333; font-size:20px;\" class=\"slick-prev default\"><i class=\"ultsl-arrow-left4\"><\/i><\/button>',slidesToScroll:5,slidesToShow:5,swipe: true,draggable: true,touchMove: true,pauseOnHover: true,pauseOnFocus: false,responsive: [\n\t\t\t\t\t\t\t{\n\t\t\t\t\t\t\t  breakpoint: 1026,\n\t\t\t\t\t\t\t  settings: {\n\t\t\t\t\t\t\t\tslidesToShow: 5,\n\t\t\t\t\t\t\t\tslidesToScroll: 5,  \n\t\t\t\t\t\t\t  }\n\t\t\t\t\t\t\t},\n\t\t\t\t\t\t\t{\n\t\t\t\t\t\t\t  breakpoint: 1025,\n\t\t\t\t\t\t\t  settings: {\n\t\t\t\t\t\t\t\tslidesToShow: 3,\n\t\t\t\t\t\t\t\tslidesToScroll: 3\n\t\t\t\t\t\t\t  }\n\t\t\t\t\t\t\t},\n\t\t\t\t\t\t\t{\n\t\t\t\t\t\t\t  breakpoint: 760,\n\t\t\t\t\t\t\t  settings: {\n\t\t\t\t\t\t\t\tslidesToShow: 2,\n\t\t\t\t\t\t\t\tslidesToScroll: 2\n\t\t\t\t\t\t\t  }\n\t\t\t\t\t\t\t}\n\t\t\t\t\t\t],pauseOnDotsHover: true,customPaging: function(slider, i) {\n                   return '<i type=\"button\" style= \"color:#333333;\" class=\"ultsl-record\" data-role=\"none\"><\/i>';\n                },});\n\t\t\t\t\t}\n\t\t\t\t});\n\t\t\t<\/script>\n\t\t\t[\/vc_column][\/vc_row]<\/p>\n<\/div>","protected":false},"excerpt":{"rendered":"<p>[vc_row][vc_column][vc_column_text]Islas Gal\u00e1pagos, Ecuador. Julio de 2018. Hispanic Heritage Literature Organization \/ Milibrohispano.org recibi\u00f3 junto a otras organizaciones de car\u00e1cter ecol\u00f3gico, un reconocimiento especial por su apoyo a las labores de [&hellip;]<\/p>\n","protected":false},"author":2,"featured_media":8114,"comment_status":"open","ping_status":"open","sticky":false,"template":"","format":"standard","meta":{"_acf_changed":false,"om_disable_all_campaigns":false,"_monsterinsights_skip_tracking":false,"_monsterinsights_sitenote_active":false,"_monsterinsights_sitenote_note":"","_monsterinsights_sitenote_category":0,"_vp_format_video_url":"","_vp_image_focal_point":[],"footnotes":""},"categories":[653,689,399,406],"tags":[],"class_list":["post-8105","post","type-post","status-publish","format-standard","has-post-thumbnail","hentry","category-biblioteca-ecologica-escritora-pilar-velez-zamparelli","category-boletinnoticias","category-homenajes","category-sin-categoria"],"acf":[],"aioseo_notices":[],"_links":{"self":[{"href":"https:\/\/milibrohispano.org\/en\/wp-json\/wp\/v2\/posts\/8105","targetHints":{"allow":["GET"]}}],"collection":[{"href":"https:\/\/milibrohispano.org\/en\/wp-json\/wp\/v2\/posts"}],"about":[{"href":"https:\/\/milibrohispano.org\/en\/wp-json\/wp\/v2\/types\/post"}],"author":[{"embeddable":true,"href":"https:\/\/milibrohispano.org\/en\/wp-json\/wp\/v2\/users\/2"}],"replies":[{"embeddable":true,"href":"https:\/\/milibrohispano.org\/en\/wp-json\/wp\/v2\/comments?post=8105"}],"version-history":[{"count":0,"href":"https:\/\/milibrohispano.org\/en\/wp-json\/wp\/v2\/posts\/8105\/revisions"}],"wp:featuredmedia":[{"embeddable":true,"href":"https:\/\/milibrohispano.org\/en\/wp-json\/wp\/v2\/media\/8114"}],"wp:attachment":[{"href":"https:\/\/milibrohispano.org\/en\/wp-json\/wp\/v2\/media?parent=8105"}],"wp:term":[{"taxonomy":"category","embeddable":true,"href":"https:\/\/milibrohispano.org\/en\/wp-json\/wp\/v2\/categories?post=8105"},{"taxonomy":"post_tag","embeddable":true,"href":"https:\/\/milibrohispano.org\/en\/wp-json\/wp\/v2\/tags?post=8105"}],"curies":[{"name":"wp","href":"https:\/\/api.w.org\/{rel}","templated":true}]}}