{"id":6858,"date":"2018-04-12T15:13:59","date_gmt":"2018-04-12T20:13:59","guid":{"rendered":"https:\/\/milibrohispano.org\/?p=6858"},"modified":"2018-04-12T15:25:59","modified_gmt":"2018-04-12T20:25:59","slug":"3ra-filcol-dedicada-a-la-poeta-maria-mercedes-carranza","status":"publish","type":"post","link":"https:\/\/milibrohispano.org\/en\/3ra-filcol-dedicada-a-la-poeta-maria-mercedes-carranza\/","title":{"rendered":"3ra. FILCOL dedicada a la poeta Maria Mercedes Carranza"},"content":{"rendered":"<p>La 3ra. FILCOL fue dedicada a la gran poeta y periodista\u00a0<strong>Mar\u00eda Mercedes Carranza<\/strong>\u00a0(Bogot\u00e1, 24 de mayo de 1945 \u2013 11 de julio de 2003), quien ejerci\u00f3 como periodista cultural en varios medios, entre ellos:\u00a0<em>\u201cVanguardia\u201d y \u201cEstravagario\u201d de\u00a0\u00a0<\/em><em>El Siglo\u00a0<\/em>de Bogot\u00e1 y\u00a0<em>El Pueblo<\/em>\u00a0de Cali y como jefe de redacci\u00f3n del semanario\u00a0<em>Nueva Frontera<\/em>. Fue Fundadora y directora de la Casa de Poes\u00eda Silva, instituci\u00f3n que dirigi\u00f3 hasta el d\u00eda de su muerte y que ha sido basti\u00f3n para la producci\u00f3n y la difusi\u00f3n po\u00e9tica en Colombia. El sufrimiento por la situaci\u00f3n del pa\u00eds y el dolor causado por el secuestro de su hermano a manos de las FARC, fueron motivos prevalentes que llevaron a la poeta a terminar con su vida.<\/p>\n<p><a class=\"cb-lightbox\" href=\"http:\/\/www.poetasyescritoresmiami.com\/wp-content\/uploads\/2018\/01\/Carranza3.jpeg\"><img loading=\"lazy\" decoding=\"async\" class=\"alignright wp-image-2648\" src=\"http:\/\/www.poetasyescritoresmiami.com\/wp-content\/uploads\/2018\/01\/Carranza3.jpeg\" sizes=\"auto, (max-width: 253px) 100vw, 253px\" srcset=\"http:\/\/www.poetasyescritoresmiami.com\/wp-content\/uploads\/2018\/01\/Carranza3.jpeg 700w, http:\/\/www.poetasyescritoresmiami.com\/wp-content\/uploads\/2018\/01\/Carranza3-300x238.jpeg 300w\" alt=\"\" width=\"253\" height=\"201\" \/><\/a>La obra de Carranza \u201cpuede leerse como testimonio de lo que signific\u00f3 ser mujer en la Colombia del siglo XX\u201d, coment\u00f3 la cr\u00edtica literaria Lucia Tono, refiri\u00e9ndose a la poes\u00eda de quien fuera considerada como una de las figuras m\u00e1s destacadas de la literatura colombiana de mediados de siglo XX.\u00a0 En ella viv\u00eda la poes\u00eda y esa era su voz y su escudo, es por eso que no es de extra\u00f1ar la apreciaci\u00f3n que hiciera el poeta mexicano, Jos\u00e9 Emilio Pacheco cuando afirm\u00f3 que se trataba de \u201cuna obra justa y necesaria que se extendi\u00f3 a otras formas de amar la poes\u00eda y creer en ella\u201d.<\/p>\n<p><a class=\"cb-lightbox\" href=\"http:\/\/www.poetasyescritoresmiami.com\/wp-content\/uploads\/2018\/01\/carranza2.jpg\"><img loading=\"lazy\" decoding=\"async\" class=\"size-full wp-image-2647 aligncenter\" src=\"http:\/\/www.poetasyescritoresmiami.com\/wp-content\/uploads\/2018\/01\/carranza2.jpg\" sizes=\"auto, (max-width: 350px) 100vw, 350px\" srcset=\"http:\/\/www.poetasyescritoresmiami.com\/wp-content\/uploads\/2018\/01\/carranza2.jpg 350w, http:\/\/www.poetasyescritoresmiami.com\/wp-content\/uploads\/2018\/01\/carranza2-300x225.jpg 300w, http:\/\/www.poetasyescritoresmiami.com\/wp-content\/uploads\/2018\/01\/carranza2-80x60.jpg 80w\" alt=\"\" width=\"350\" height=\"263\" \/><\/a><\/p>\n<p>Y es por ese amor testimonial y su encomiable esfuerzo para acercar la poes\u00eda a la comunidad que la 3ra. FILCOL le rinde un homenaje,\u00a0 durante los dos d\u00edas que dura el evento. Entre sus obras publicadas se encuentran:\u00a0<em>Vainas y otros poemas<\/em>\u00a0(1972),\u00a0<em>Tengo miedo<\/em>\u00a0(1983),\u00a0<em>Hola, soledad<\/em>\u00a0(1987),\u00a0<em>Maneras de desamor<\/em>\u00a0(1993),\u00a0<em>El canto de las moscas<\/em>\u00a0(1998). As\u00ed mismo, la FILCOL rescata su visi\u00f3n sobre el papel que funge\u00a0<em>La Casa Silva<\/em>, como baluarte de la memoria hist\u00f3rica del referente art\u00edstico e imaginativo de las letras colombianas, que tambi\u00e9n aportan a la sensibilizaci\u00f3n para la paz.<\/p>\n<p><a class=\"cb-lightbox\" href=\"http:\/\/www.poetasyescritoresmiami.com\/wp-content\/uploads\/2018\/01\/FILCOL.jpg\"><img loading=\"lazy\" decoding=\"async\" class=\"alignright size-full wp-image-2634\" src=\"http:\/\/www.poetasyescritoresmiami.com\/wp-content\/uploads\/2018\/01\/FILCOL.jpg\" alt=\"\" width=\"240\" height=\"174\" \/><\/a>\u201cUno de los objetivos de la FILCOL es dar a conocer la literatura colombiana, \u00a0por lo que cada a\u00f1o ofrecemos un programa literario donde se promueve la obra de un escritor o poeta fallecido y se presenta a la comunidad a un grupo de escritores y poetas quienes adem\u00e1s de dar a conocer su obra, participan en conversatorios, ponencias o recitales\u201d, coment\u00f3 Pilar V\u00e9lez, presidenta de Hispanic Heritage Literature Organization \/ Milibrohispano.<\/p>\n<p>La Feria de Servicios para los colombianos en Florida se llevo a cabo los d\u00edas 27 y 28 de enero de 10:00 am a 5:00 pm en el Fair &amp; Expo Center (Fuchs Pavillion) localizado en la siguiente direcci\u00f3n: 10901 Coral Way, Miami, FL 33165. Esta version de la feria incluy\u00f3 la participaci\u00f3n de artistas pl\u00e1sticos, escritores, poetas, m\u00fasicos, bailarines, empresarios y organizaciones dedicadas al servicio social.<\/p>\n<p><a class=\"cb-lightbox\" href=\"http:\/\/www.poetasyescritoresmiami.com\/wp-content\/uploads\/2018\/01\/INVITACION-FILCOL-ENERO-2018.jpg\"><img decoding=\"async\" class=\"alignright size-cb300250 wp-image-2655\" src=\"http:\/\/www.poetasyescritoresmiami.com\/wp-content\/uploads\/2018\/01\/INVITACION-FILCOL-ENERO-2018.jpg\" alt=\"\" \/><\/a><\/p>\n","protected":false},"excerpt":{"rendered":"<p>La 3ra. FILCOL fue dedicada a la gran poeta y periodista\u00a0Mar\u00eda Mercedes Carranza\u00a0(Bogot\u00e1, 24 de mayo de 1945 \u2013 11 de julio de 2003), quien ejerci\u00f3 como periodista cultural en [&hellip;]<\/p>\n","protected":false},"author":2,"featured_media":6860,"comment_status":"open","ping_status":"open","sticky":false,"template":"","format":"standard","meta":{"_acf_changed":false,"om_disable_all_campaigns":false,"_monsterinsights_skip_tracking":false,"_monsterinsights_sitenote_active":false,"_monsterinsights_sitenote_note":"","_monsterinsights_sitenote_category":0,"_vp_format_video_url":"","_vp_image_focal_point":[],"footnotes":""},"categories":[689,691,675,671,406],"tags":[],"class_list":["post-6858","post","type-post","status-publish","format-standard","has-post-thumbnail","hentry","category-boletinnoticias","category-celebracion-2018","category-celebracion-internacional-del-mes-del-libro-hispano-miami","category-filcol","category-sin-categoria"],"acf":[],"aioseo_notices":[],"_links":{"self":[{"href":"https:\/\/milibrohispano.org\/en\/wp-json\/wp\/v2\/posts\/6858","targetHints":{"allow":["GET"]}}],"collection":[{"href":"https:\/\/milibrohispano.org\/en\/wp-json\/wp\/v2\/posts"}],"about":[{"href":"https:\/\/milibrohispano.org\/en\/wp-json\/wp\/v2\/types\/post"}],"author":[{"embeddable":true,"href":"https:\/\/milibrohispano.org\/en\/wp-json\/wp\/v2\/users\/2"}],"replies":[{"embeddable":true,"href":"https:\/\/milibrohispano.org\/en\/wp-json\/wp\/v2\/comments?post=6858"}],"version-history":[{"count":0,"href":"https:\/\/milibrohispano.org\/en\/wp-json\/wp\/v2\/posts\/6858\/revisions"}],"wp:featuredmedia":[{"embeddable":true,"href":"https:\/\/milibrohispano.org\/en\/wp-json\/wp\/v2\/media\/6860"}],"wp:attachment":[{"href":"https:\/\/milibrohispano.org\/en\/wp-json\/wp\/v2\/media?parent=6858"}],"wp:term":[{"taxonomy":"category","embeddable":true,"href":"https:\/\/milibrohispano.org\/en\/wp-json\/wp\/v2\/categories?post=6858"},{"taxonomy":"post_tag","embeddable":true,"href":"https:\/\/milibrohispano.org\/en\/wp-json\/wp\/v2\/tags?post=6858"}],"curies":[{"name":"wp","href":"https:\/\/api.w.org\/{rel}","templated":true}]}}