{"id":6197,"date":"2017-09-15T15:50:41","date_gmt":"2017-09-15T20:50:41","guid":{"rendered":"https:\/\/milibrohispano.org\/?p=6197"},"modified":"2017-09-15T15:50:41","modified_gmt":"2017-09-15T20:50:41","slug":"alvaro-aguilar-se-une-a-nuestra-filcol-2017","status":"publish","type":"post","link":"https:\/\/milibrohispano.org\/en\/alvaro-aguilar-se-une-a-nuestra-filcol-2017\/","title":{"rendered":"\u00c1lvaro Aguilar se une a nuestra FILCOL 2017"},"content":{"rendered":"<p>\u00bfQu\u00e9 lo inspira a escribir?<\/p>\n<blockquote><p>Lo que\u00a0 mas\u00a0 inspira para escribir son los\u00a0 hermosos\u00a0 paisajes donde\u00a0 vivo con\u00a0 todas\u00a0 sus bondades; como por\u00a0 ejemplo. La gente, las monta\u00f1as, con toda su gama de \u00e1rboles y flores. Las\u00a0 tradiciones de los\u00a0 pueblos son\u00a0 muy\u00a0 importantes en mi inspiraci\u00f3n;\u00a0 su\u00a0 comportamiento,\u00a0 su\u00a0 idiosincrasia , as\u00ed\u00a0 como tambi\u00e9n\u00a0 sus\u00a0 calles y\u00a0 sus\u00a0 techos\u00a0 de teja\u00a0 de\u00a0 barro, adornadas de jardines en\u00a0 medio de paredes de tapia\u00a0 pisada.<\/p><\/blockquote>\n<p>\u00bfConsidera que la historia y el sentimiento hacia su patria, Colombia, se refleja en lo que escribe o escribe sobre temas totalmente diferentes?<\/p>\n<blockquote><p>Claro\u00a0 que\u00a0 si, la ecolog\u00eda y el medio ambiente en mi pa\u00eds est\u00e1\u00a0 siendo tratada de muy mala forma\u00a0 y\u00a0 se\u00a0 refleja en c\u00f3mo le han cedido a las multinacionales los\u00a0 nacimientos\u00a0 de agua para la miner\u00eda, como\u00a0 por\u00a0 ejemplo, los\u00a0 p\u00e1ramos \u00a0o estrellas hidrogr\u00e1ficas de varios departamentos.<\/p>\n<p>Tambi\u00e9n las\u00a0 selvas est\u00e1n siendo deforestadas, como\u00a0 consecuencia\u00a0 del\u00a0 capitalismo salvaje; donde se talan millones de \u00e1rboles para la construcci\u00f3n de casas y para\u00a0 las f\u00e1bricas de papel.<\/p><\/blockquote>\n<p>\u00bfC\u00f3mo describir\u00eda su oficio de escritor?<\/p>\n<blockquote><p>La escritura\u00a0 no\u00a0 la\u00a0 veo\u00a0 como\u00a0 un\u00a0 oficio, sino como una\u00a0 diversi\u00f3n, en la\u00a0 cual\u00a0 se juega con conceptos reales y\u00a0 fantasiosos en la construcci\u00f3n de historias.<\/p>\n<p>Soy docente y he tomado la literatura como un pasatiempo\u00a0 muy agradable, para\u00a0 salir\u00a0 de la\u00a0 monoton\u00eda y tambi\u00e9n\u00a0 como\u00a0 una\u00a0 forma de motivar a mis alumnos, para que se atrevan a escribir sus historias ficticias o reales.<\/p><\/blockquote>\n<p>\u00bfCu\u00e1les son los temas que aborda en su obra?<\/p>\n<blockquote><p>En\u00a0 mi libro THE STORY OF\u00a0 ECO\u00a0 AND\u00a0 LOGY se\u00a0\u00a0 abordan temas que\u00a0 tienen\u00a0 que\u00a0 ver con nuestra madre tierra, partiendo desde el principio del universo, desde esa\u00a0 gran explosi\u00f3n que\u00a0 origin\u00f3 la\u00a0 materia y tambi\u00e9n sin desligar\u00a0 la\u00a0 historia de\u00a0 lo\u00a0 divino o\u00a0 de los\u00a0 dioses, que\u00a0 nos\u00a0 han\u00a0 acompa\u00f1ado en\u00a0 la\u00a0 ayuda del proceso de evoluci\u00f3n tanto\u00a0 de los\u00a0 ecosistemas, como\u00a0 tambi\u00e9n de la\u00a0 transformaci\u00f3n del paisaje\u00a0 y del\u00a0 hombre\u00a0 y la mujer.<\/p>\n<p>Mi\u00a0 libro es una\u00a0 f\u00e1bula gigante convertida en novela, donde\u00a0 los\u00a0 seres inanimados hablan y se comportan con sentimientos\u00a0 y\u00a0 emociones a lo largo de toda una historia de amor, combinando\u00a0 lo\u00a0 fant\u00e1stico con lo cient\u00edfico.<\/p>\n<p>Hay que tener cuidado porque todo termina por acabarse, si no tenemos el debido cuidado con lo que est\u00e1 a nuestro alrededor, como por ejemplo: ls monta\u00f1as con sus majestuosos nacimientos de agua, los verdes \u00e1rboles con todas sus gamas y el colorido de todas sus flores, los oc\u00e9anos azules, los glaciares, la fauna entre otros.<\/p><\/blockquote>\n<p>\u00bfCu\u00e1les son los nombres y\/o obras de los escritores colombianos que lo han influenciado tanto en la lectura como en el oficio de escritor?<\/p>\n<blockquote><p>Germ\u00e1n Castro Caicedo; con sus relatos de periodismo, basados en hechos reales y Gabriel Garcia M\u00e1rquez con su\u00a0 realismo m\u00e1gico que nos lleva a so\u00f1ar y a reflexionar sobre\u00a0 hechos hist\u00f3ricos del\u00a0 pasado, narrados con espontaneidad, sin perder la objetividad de los hechos.<\/p><\/blockquote>\n<p>\u00bfQu\u00e9 significa para usted el realismo m\u00e1gico?<\/p>\n<blockquote><p>El realismo m\u00e1gico es interpretar la historia de una forma\u00a0 sencilla, sin perder el origen de los acontecimientos y llevando\u00a0 a los lectores a descubrir realidades con un lenguaje popular y\u00a0 preciso. El realismo m\u00e1gico aborda los temas cotidianos de\u00a0 familias comunes y corrientes de Colombia, mostrando\u00a0 personajes, sin dejar de lado los\u00a0 majestuosos paisajes de la\u00a0 geograf\u00eda nacional.<\/p><\/blockquote>\n<p>\u00bfCree que la literatura colombiana es diferente a la de otros pa\u00edses? De ser afirmativa su respuesta, \u00bfen qu\u00e9 se diferencia?<\/p>\n<blockquote><p>Creo\u00a0 que\u00a0 si; Colombia es muy diferente a muchos pa\u00edses;\u00a0 porque posee una gran diversidad de etnias, climas, paisajes y\u00a0 tradiciones que lo hacen o\u00a0 lo convierten en \u00fanico e irrepetible.\u00a0 Todo lo anterior naturalmente conlleva a escribir y mostrar noticias literarias que no se pueden dar en otros espacios\u00a0 geogr\u00e1ficos.<\/p><\/blockquote>\n<p>\u00bfQu\u00e9 ha aprendido durante este tiempo dedicado a la literatura?<\/p>\n<blockquote><p>He aprendido a ser sencillo y a disfrutar de la vida y de los\u00a0 momentos. He comprendido que el dinero no lo es todo, que la\u00a0 felicidad est\u00e1 en los peque\u00f1os detalles y que el\u00a0 solo hecho de escribir lo fortalece a uno como persona.<\/p><\/blockquote>\n<p>\u00bfCu\u00e1l es su mensaje como escritor colombiano?<\/p>\n<blockquote><p>Los invito a so\u00f1ar y a proyectarse no solo en el campo de las\u00a0 letras, sino tambi\u00e9n en las diferentes artes y trabajos; todo lo\u00a0 que se persigue se consigue con esfuerzo y esmero, no dejar\u00a0 de batallar contra los obst\u00e1culos y envidias que se atraviesan\u00a0 por doquier.<\/p>\n<p>Para ser escritor no se necesita haber pasado por\u00a0 las mejores\u00a0 universidades, tan solo es coger el\u00a0 lapicero en la mano y fijar\u00a0 la idea, y d\u00eda tras d\u00eda irla puliendo como una piedra preciosa que\u00a0 al final brillar\u00e1 profundamente en\u00a0 las manos de quien la labra.<\/p><\/blockquote>\n<p>\u00bfPor qu\u00e9 considera que es valioso participar en la FILCOL de Miami?<\/p>\n<blockquote><p>Este evento me servir\u00e1 para proyectarme en\u00a0 el\u00a0 orden internacional,\u00a0 tambi\u00e9n\u00a0 para\u00a0 conocer\u00a0 personas muy valiosas que me ayudar\u00e1n a guiar con sus acertados concejos. Mi libro\u00a0\u00a0 habla con un lenguaje universal que ser\u00e1 conocido, interpretado\u00a0 y comprendido f\u00e1cilmente por otro p\u00fablico de habla inglesa.<\/p>\n<p>Estar\u00e9 haciendo parte de diferentes talleres, que me aportar\u00e1n diversidad de conocimientos para seguir en este bello\u00a0 proyecto de escribir y \u00a0aportarle a la educaci\u00f3n y a la cultura en\u00a0 general.<\/p><\/blockquote>\n<p><strong><img loading=\"lazy\" decoding=\"async\" class=\"alignleft  wp-image-6201\" src=\"https:\/\/milibrohispano.org\/wp-content\/uploads\/2017\/09\/alvaro-aguilar-portada-1.jpg\" alt=\"\" width=\"153\" height=\"222\" srcset=\"https:\/\/milibrohispano.org\/wp-content\/uploads\/2017\/09\/alvaro-aguilar-portada-1.jpg 1624w, https:\/\/milibrohispano.org\/wp-content\/uploads\/2017\/09\/alvaro-aguilar-portada-1-380x552.jpg 380w, https:\/\/milibrohispano.org\/wp-content\/uploads\/2017\/09\/alvaro-aguilar-portada-1-600x872.jpg 600w, https:\/\/milibrohispano.org\/wp-content\/uploads\/2017\/09\/alvaro-aguilar-portada-1-768x1116.jpg 768w, https:\/\/milibrohispano.org\/wp-content\/uploads\/2017\/09\/alvaro-aguilar-portada-1-17x24.jpg 17w, https:\/\/milibrohispano.org\/wp-content\/uploads\/2017\/09\/alvaro-aguilar-portada-1-25x36.jpg 25w, https:\/\/milibrohispano.org\/wp-content\/uploads\/2017\/09\/alvaro-aguilar-portada-1-33x48.jpg 33w\" sizes=\"auto, (max-width: 153px) 100vw, 153px\" \/>\u00c1lvaro Aguilar Castellanos<\/strong>.\u00a0Nacido en El Guacamayo Departamento de Santander, pero la mayor parte de su vida ha transcurrido en Barichara y San Gil Santander.\u00a0 Sus estudios secundarios: Colegio Nacional San Jos\u00e9 de Guanent\u00e1,\u00a0 universitarios: Licenciado en ciencias sociales y posteriormente culmin\u00f3 un estudio de postgrado otorg\u00e1ndole el t\u00edtulo de Especialista en Gesti\u00f3n P\u00fablica y Democracia, postgrado en Ecolog\u00eda, postgrado en Administraci\u00f3n de inform\u00e1tica, menci\u00f3n\u00a0 Cum Laude en proyecto de participaci\u00f3n ciudadana;\u00a0 Tecn\u00f3logo\u00a0 en investigaci\u00f3n judicial y criminal\u00edstica,\u00a0 Diplomado en Historia Social ,Diplomado en Gesti\u00f3n y promoci\u00f3n de la\u00a0\u00a0 cultura,\u00a0 Diplomado en Liderazgo Sociopol\u00edtico,\u00a0 Diplomado en Desarrollo local y\u00a0 Gobernabilidad,\u00a0 Diplomado en Educaci\u00f3n Sexual, diplomado en Literatura Creativa ,\u00a0 ha hecho art\u00edculos para el peri\u00f3dico El Frente, Revista de Folclor colombiano y La Zigarra,\u00a0 autor\u00a0 novela \u201cLA HISTORIA DE ECO\u00a0 Y LOGIA\u201d, autor libro\u00a0 pedag\u00f3gico \u201cGUIAS DE FORMACI\u00d3N AMBIENTAL\u201d2007, \u201cBARICHARA DE ENSO\u00d1ACI\u00d3N HISTORIA Y TRADICI\u00d3N\u201d 2010. Tuvo la oportunidad de ser representante estudiantil a nivel nacional y despu\u00e9s fue invitado al proceso de paz y de desmovilizaci\u00f3n del movimiento M-l9 en calidad de hu\u00e9sped o representante de la sociedad civil 1989, miembro Consejo Directivo Universidad Libre 1995.Ha hecho docencia en algunas universidades y colegios: docente Escuelas Rurales y Urbanas municipio de San Gil 1992-1993 profesor de Ciencias Sociales Colegio La Inmaculada Palmas del Socorro 1994-1997, profesor de Democracia en la Universidad de Pamplona CREAD San Gil 1997, profesor de investigaci\u00f3n en la Universidad Libre, sistema profesionalizaci\u00f3n docente 1996-1997, profesor de Sociolog\u00eda en la Universidad Francisco de Paula Santander 1998-1999, miembro de la Escuela de liderazgo de Viva la Ciudadan\u00eda UNISANGIL 1998-2001;\u00a0 profesor\u00a0\u00a0 de Historia del arte Universidad\u00a0 Interamericana CORPOCIDES 2006, actualmente labora\u00a0 como docente en el municipio de Barichara Santander.<\/p>\n","protected":false},"excerpt":{"rendered":"<p>\u00bfQu\u00e9 lo inspira a escribir? Lo que\u00a0 mas\u00a0 inspira para escribir son los\u00a0 hermosos\u00a0 paisajes donde\u00a0 vivo con\u00a0 todas\u00a0 sus bondades; como por\u00a0 ejemplo. La gente, las monta\u00f1as, con toda [&hellip;]<\/p>\n","protected":false},"author":2,"featured_media":6202,"comment_status":"open","ping_status":"open","sticky":false,"template":"","format":"standard","meta":{"_acf_changed":false,"om_disable_all_campaigns":false,"_monsterinsights_skip_tracking":false,"_monsterinsights_sitenote_active":false,"_monsterinsights_sitenote_note":"","_monsterinsights_sitenote_category":0,"_vp_format_video_url":"","_vp_image_focal_point":[],"footnotes":""},"categories":[689,649,675,671,406],"tags":[],"class_list":["post-6197","post","type-post","status-publish","format-standard","has-post-thumbnail","hentry","category-boletinnoticias","category-celebracion-2017","category-celebracion-internacional-del-mes-del-libro-hispano-miami","category-filcol","category-sin-categoria"],"acf":[],"aioseo_notices":[],"_links":{"self":[{"href":"https:\/\/milibrohispano.org\/en\/wp-json\/wp\/v2\/posts\/6197","targetHints":{"allow":["GET"]}}],"collection":[{"href":"https:\/\/milibrohispano.org\/en\/wp-json\/wp\/v2\/posts"}],"about":[{"href":"https:\/\/milibrohispano.org\/en\/wp-json\/wp\/v2\/types\/post"}],"author":[{"embeddable":true,"href":"https:\/\/milibrohispano.org\/en\/wp-json\/wp\/v2\/users\/2"}],"replies":[{"embeddable":true,"href":"https:\/\/milibrohispano.org\/en\/wp-json\/wp\/v2\/comments?post=6197"}],"version-history":[{"count":0,"href":"https:\/\/milibrohispano.org\/en\/wp-json\/wp\/v2\/posts\/6197\/revisions"}],"wp:featuredmedia":[{"embeddable":true,"href":"https:\/\/milibrohispano.org\/en\/wp-json\/wp\/v2\/media\/6202"}],"wp:attachment":[{"href":"https:\/\/milibrohispano.org\/en\/wp-json\/wp\/v2\/media?parent=6197"}],"wp:term":[{"taxonomy":"category","embeddable":true,"href":"https:\/\/milibrohispano.org\/en\/wp-json\/wp\/v2\/categories?post=6197"},{"taxonomy":"post_tag","embeddable":true,"href":"https:\/\/milibrohispano.org\/en\/wp-json\/wp\/v2\/tags?post=6197"}],"curies":[{"name":"wp","href":"https:\/\/api.w.org\/{rel}","templated":true}]}}