{"id":6125,"date":"2017-09-07T11:44:40","date_gmt":"2017-09-07T16:44:40","guid":{"rendered":"https:\/\/milibrohispano.org\/?p=6125"},"modified":"2017-09-08T10:22:28","modified_gmt":"2017-09-08T15:22:28","slug":"maritza-martinez-mejia-se-une-a-nuestra-filcol","status":"publish","type":"post","link":"https:\/\/milibrohispano.org\/en\/maritza-martinez-mejia-se-une-a-nuestra-filcol\/","title":{"rendered":"Maritza Mart\u00ednez Mej\u00eda se une a nuestra FILCOL"},"content":{"rendered":"<p><strong>\u00bfQu\u00e9 la inspira a escribir?<\/strong><\/p>\n<blockquote><p>Escribo para inspirar a otros a dar lo mejor de s\u00ed mismos.<\/p><\/blockquote>\n<p><strong>\u00bfConsidera que la historia y el sentimiento hacia su patria, Colombia, se refleja en lo que escribe o escribe sobre temas totalmente diferentes?<\/strong><\/p>\n<blockquote><p>Mis poemas y memorias, Ojos avellana, reflejan la nostalgia del pa\u00eds que me vio nacer, las a\u00f1oranzas del pasado, y esperanzas del futuro. La colecci\u00f3n de cuentos biling\u00fces, Lecciones de Vida, toca temas diferentes enfocados en la formaci\u00f3n infantil con moralejas pr\u00e1cticas y actividades did\u00e1cticas.<\/p><\/blockquote>\n<p><strong>\u00bfC\u00f3mo describir\u00eda su oficio de escritora?<\/strong><\/p>\n<blockquote><p>Como escritora, poeta, y educadora biling\u00fce, me siento obligada a inspirar a mi joven audiencia\u00a0 a trabajar para lograr sus metas y forjar un mundo mejor.<\/p><\/blockquote>\n<p><strong>\u00bfCu\u00e1les son los temas que aborda en su obra?<\/strong><\/p>\n<blockquote><p>La colecci\u00f3n \u201cLecciones de Vida\u201d son narrativas infantiles que abordan temas sobre la tolerancia, el respeto, aceptaci\u00f3n, gratitud y compasi\u00f3n. Mis poemas cubren los mismos temas, pero evocan mi preocupaci\u00f3n por el cuidado del medio ambiente y la naturaleza. Pueden ver una muestra de mis poemas y fotograf\u00eda en mi Website: www.luzdelmes.com<\/p><\/blockquote>\n<p><strong>\u00bfCu\u00e1les son los nombres y\/o obras de los escritores colombianos que lo han influenciado tanto en la lectura como en el oficio de escritor?<\/strong><\/p>\n<blockquote><p>No tengo un escritor en particular que haya influenciado mis obras. Estando fuera de mi patria, he tratado de crear un estilo propio que me identifique y refleje mis mensajes.<\/p><\/blockquote>\n<p><strong>\u00bfCree que la literatura colombiana es diferente a la de otros pa\u00edses? De ser afirmativa su respuesta, \u00bfen qu\u00e9 se diferencia?<\/strong><\/p>\n<blockquote><p>Como educadora de escuelas p\u00fablicas, mi\u00a0 trabajo literario nace de la literatura infantil biling\u00fce (ingl\u00e9s-espa\u00f1ol). Lamentablemente llevo d\u00e9cadas fuera de mi patria, pero cada vez que viajo y participo en eventos literarios, veo una sed por el encuentro de la paz, que se ve reflejada en las obras po\u00e9ticas y art\u00edsticas de sus autores. Sin embargo, no tengo un conocimiento profundo de la literatura colombiana actual, para poder dar una mejor opini\u00f3n al respecto.<\/p><\/blockquote>\n<p><strong>\u00bfQu\u00e9 ha aprendido durante este tiempo dedicado a la literatura?\u00a0 <\/strong><\/p>\n<blockquote><p>Durante una d\u00e9cada escribiendo, he aprendido que la poes\u00eda es una extraordinaria forma, gratuita, para canalizar las tristezas de la humanidad e inspirar a otros a buscar su meta y felicidad. Al igual que escribir mis memorias me sirvieron como catarsis para sanar el alma y empezar de nuevo mi vida en la tierra que me aloj\u00f3 y perdonar a la tierra que me dej\u00f3 partir. Y en los cuentos infantiles con moraleja que he escrito, inspirar a los j\u00f3venes a ser cada d\u00eda mejor.<\/p><\/blockquote>\n<p><strong>\u00bfCu\u00e1l es su mensaje como escritora colombiana?<\/strong><\/p>\n<blockquote><p>A mis estudiantes siempre les estoy invitando que no olviden el idioma de sus padres, lo aprendan y conozcan sus tradiciones. Y este ser\u00eda el mensaje como escritora colombiana radicada en los Estados Unidos de Am\u00e9rica y que deseo compartir en la FILCOL. Por ello doy mi aporte con una mini conferencia sobre la importancia de la literatura biling\u00fce.<\/p><\/blockquote>\n<p><strong>\u00bfPorque considera que es valioso participar en la FILCOL de Miami?<\/strong><\/p>\n<blockquote><p>Es la primera vez que participo y lo hago porque encuentro muy importante rescatar mis ra\u00edces y fomentar la literatura biling\u00fce en nuestra juventud hispana con eventos de promoci\u00f3n cultural de arte y literatura como lo es la FILCOL de Miami.<\/p><\/blockquote>\n<p style=\"text-align: right;\"><em><strong>Maritza Mart\u00ednez Mej\u00eda<\/strong><\/em><\/p>\n<blockquote><p><em>Maritza Mart\u00ednez Mej\u00eda participar\u00e1 en la mini-conferencia La importancia de la literatura biling\u00fce el d\u00eda 30 de septiembre en el Tamiami Park.<\/em><\/p><\/blockquote>\n<p><em><strong><img loading=\"lazy\" decoding=\"async\" class=\"alignleft wp-image-4857\" src=\"https:\/\/milibrohispano.org\/wp-content\/uploads\/2017\/05\/Maritza-filbo1.jpeg\" alt=\"\" width=\"243\" height=\"182\" srcset=\"https:\/\/milibrohispano.org\/wp-content\/uploads\/2017\/05\/Maritza-filbo1.jpeg 1600w, https:\/\/milibrohispano.org\/wp-content\/uploads\/2017\/05\/Maritza-filbo1-380x285.jpeg 380w, https:\/\/milibrohispano.org\/wp-content\/uploads\/2017\/05\/Maritza-filbo1-600x450.jpeg 600w, https:\/\/milibrohispano.org\/wp-content\/uploads\/2017\/05\/Maritza-filbo1-768x576.jpeg 768w, https:\/\/milibrohispano.org\/wp-content\/uploads\/2017\/05\/Maritza-filbo1-300x225.jpeg 300w, https:\/\/milibrohispano.org\/wp-content\/uploads\/2017\/05\/Maritza-filbo1-1024x768.jpeg 1024w, https:\/\/milibrohispano.org\/wp-content\/uploads\/2017\/05\/Maritza-filbo1-500x375.jpeg 500w\" sizes=\"auto, (max-width: 243px) 100vw, 243px\" \/><\/strong><\/em>Maritza Mart\u00ednez Mej\u00eda. Colombiana radicada en la Florida. Poeta, Escritora, Educadora y Promotora cultural del Desayuno Literario Internacional de Bogot\u00e1, Colombia. Ha participado en eventos Nacionales e Internacionales. Sus publicaciones biling\u00fces han recibido el Virtue Christian Poetry Award 2015 y Latino Book Award 2016 por Mejor traducci\u00f3n ingl\u00e9s al espa\u00f1ol y Mejor Libro electr\u00f3nico.<br \/>\n<span id=\"more-3133\"><\/span><\/p>\n<p>Obtuvo el t\u00edtulo de Comercio e Idiomas del Colegio Universidad Mayor de Cundinamarca y el B.A. en Artes and Humanidades de Florida Atlantic University con Certificado de Estudios de la Mujer de\u00a0 Florida Atlantic University.<\/p>\n<p><strong>Obras del autor:<\/strong><\/p>\n<p>*Hazel Eyes 2010<\/p>\n<p>*Vainilla y Chocolate 2012<\/p>\n<p>*El Tesoro de la Abuela 2014<\/p>\n<p>*Ojos Avellana 2016<\/p>\n<p><strong>Afiliaciones:<\/strong><\/p>\n<p>*Florida Writers Association<\/p>\n<p>*South Florida Writers Association<\/p>\n<p>*Saint Lucie County Reading Council<\/p>\n<p>*Embajadora de buena voluntad de Mi Libro Hispano<\/p>\n<p><strong>Futuros Proyectos:<\/strong><\/p>\n<p>*Cuento Biling\u00fce: \u201cLa Caja del Abuelo\u201d<\/p>\n<p><strong>Redes sociales: @Luzdelmes en Twitter y Facebook<\/strong><\/p>\n<p>Website:\u00a0<a href=\"http:\/\/www.luzdelmes.com\/\"><strong>www.luzdelmes.com<\/strong><\/a><\/p>\n","protected":false},"excerpt":{"rendered":"<p>\u00bfQu\u00e9 la inspira a escribir? Escribo para inspirar a otros a dar lo mejor de s\u00ed mismos. \u00bfConsidera que la historia y el sentimiento hacia su patria, Colombia, se refleja [&hellip;]<\/p>\n","protected":false},"author":2,"featured_media":6126,"comment_status":"open","ping_status":"open","sticky":false,"template":"","format":"standard","meta":{"_acf_changed":false,"om_disable_all_campaigns":false,"_monsterinsights_skip_tracking":false,"_monsterinsights_sitenote_active":false,"_monsterinsights_sitenote_note":"","_monsterinsights_sitenote_category":0,"_vp_format_video_url":"","_vp_image_focal_point":[],"footnotes":""},"categories":[689,649,675,671,406],"tags":[],"class_list":["post-6125","post","type-post","status-publish","format-standard","has-post-thumbnail","hentry","category-boletinnoticias","category-celebracion-2017","category-celebracion-internacional-del-mes-del-libro-hispano-miami","category-filcol","category-sin-categoria"],"acf":[],"aioseo_notices":[],"_links":{"self":[{"href":"https:\/\/milibrohispano.org\/en\/wp-json\/wp\/v2\/posts\/6125","targetHints":{"allow":["GET"]}}],"collection":[{"href":"https:\/\/milibrohispano.org\/en\/wp-json\/wp\/v2\/posts"}],"about":[{"href":"https:\/\/milibrohispano.org\/en\/wp-json\/wp\/v2\/types\/post"}],"author":[{"embeddable":true,"href":"https:\/\/milibrohispano.org\/en\/wp-json\/wp\/v2\/users\/2"}],"replies":[{"embeddable":true,"href":"https:\/\/milibrohispano.org\/en\/wp-json\/wp\/v2\/comments?post=6125"}],"version-history":[{"count":0,"href":"https:\/\/milibrohispano.org\/en\/wp-json\/wp\/v2\/posts\/6125\/revisions"}],"wp:featuredmedia":[{"embeddable":true,"href":"https:\/\/milibrohispano.org\/en\/wp-json\/wp\/v2\/media\/6126"}],"wp:attachment":[{"href":"https:\/\/milibrohispano.org\/en\/wp-json\/wp\/v2\/media?parent=6125"}],"wp:term":[{"taxonomy":"category","embeddable":true,"href":"https:\/\/milibrohispano.org\/en\/wp-json\/wp\/v2\/categories?post=6125"},{"taxonomy":"post_tag","embeddable":true,"href":"https:\/\/milibrohispano.org\/en\/wp-json\/wp\/v2\/tags?post=6125"}],"curies":[{"name":"wp","href":"https:\/\/api.w.org\/{rel}","templated":true}]}}