{"id":609,"date":"2014-09-17T15:25:03","date_gmt":"2014-09-17T15:25:03","guid":{"rendered":"https:\/\/milibrohispano.org\/?p=609"},"modified":"2014-09-17T15:25:03","modified_gmt":"2014-09-17T15:25:03","slug":"san-miguel-de-allende-mexico-en-la-celebracion-internacional-del-mes-del-libro-hispano","status":"publish","type":"post","link":"https:\/\/milibrohispano.org\/en\/san-miguel-de-allende-mexico-en-la-celebracion-internacional-del-mes-del-libro-hispano\/","title":{"rendered":"San Miguel de Allende, M\u00e9xico, en la Celebraci\u00f3n Internacional del Mes del Libro Hispano."},"content":{"rendered":"<p><strong>Velada Art\u00edstica, Musical y Literaria en San Miguel de Allende, M\u00e9xico<\/strong><\/p>\n<p>&nbsp;<\/p>\n<p>&nbsp;<\/p>\n<p><a href=\"https:\/\/milibrohispano.org\/wp-content\/uploads\/2014\/09\/Portada-Una-Pasi\u00f3n-Diferente.jpg\"><img loading=\"lazy\" decoding=\"async\" class=\"alignleft wp-image-610 size-medium\" src=\"https:\/\/milibrohispano.org\/wp-content\/uploads\/2014\/09\/Portada-Una-Pasi\u00f3n-Diferente-199x300.jpg\" alt=\"Portada Una Pasi\u00f3n Diferente\" width=\"199\" height=\"300\" \/><\/a>Ximena Rubio del Valle,\u00a0 tiene el gusto de participar el evento art\u00edstico, musical y literario, que con motivo de la Celebraci\u00f3n Internacional del Mes del Libro Hispano, que se llevar\u00e1 a cabo en la ciudad de San Miguel de Allende, Gto., M\u00e9xico.<\/p>\n<p>&nbsp;<\/p>\n<p>La velada tendr\u00e1 lugar el viernes 26 de septiembre, en la galer\u00eda del maestro Fernando M. D\u00edaz, dentro de la F\u00e1brica Aurora, Centro de Arte y Dise\u00f1o, de San Miguel. \u00a0Los asistentes podr\u00e1n admirar la obra pl\u00e1stica del Maestro M. D\u00edaz, y conocer al pintor, dibujante y escultor, quien ha trabajado, vivido y expuesto en Italia, Espa\u00f1a, Austria, Rusia, Rumania, Bulgaria, Estados Unidos, Brasil; Ecuador\u00a0 y Argentina, entre otros. Sus cuadros se exhiben en museos de Europa y Am\u00e9rica y ha recibido numerosos reconocimientos. Desde 2009 vive y trabaja en San Miguel.<\/p>\n<p>&nbsp;<\/p>\n<p>En el transcurso del convivio, la escritora chilena, Ximena Rubio del Valle presentar\u00e1 su novela \u201cUna pasi\u00f3n diferente\u201d, de Editorial Selector, cuya trama se desarrolla principalmente en un ambiente estudiantil, en la Universidad de Alcal\u00e1 de Henares, Espa\u00f1a, y cuyos \u00faltimos cap\u00edtulos fueron escritos en San Miguel de Allende, ciudad hist\u00f3rica y art\u00edstica, denominada como la mejor ciudad del mundo, por la revista Cond\u00e9 Nast Traveler.<\/p>\n<p>&nbsp;<\/p>\n<p><strong>Sobre la autora<\/strong><\/p>\n<p>&nbsp;<\/p>\n<p><img loading=\"lazy\" decoding=\"async\" class=\"alignleft\" src=\"http:\/\/aipehmiami.com\/imagesmiembros\/XimenaRubio.jpg\" alt=\"AIPEH MIAMI\" width=\"120\" height=\"160\" \/><strong>Ximena Rubio del Valle<\/strong> naci\u00f3 en Santiago de Chile, se gradu\u00f3 en la Universidad de Chile en Ciencias Pol\u00edticas y Administraci\u00f3n P\u00fablica, con especialidad en Administraci\u00f3n Social. Vivi\u00f3 en Londres y en Madrid, cursando tres a\u00f1os de posgrados en Administraci\u00f3n. Fue becaria de la Presidencia de Gobierno Espa\u00f1ol y curs\u00f3 el Diplomado de Direcci\u00f3n en Administraci\u00f3n en INAP -Alcal\u00e1 de Henares. Estudi\u00f3 la Maestr\u00eda en Ciencias de la Familia en la Universidad An\u00e1huac del Norte, Ciudad de M\u00e9xico. Curs\u00f3 el Diplomado de Literatura en la Escuela de la SOGEM, Trabaj\u00f3 diez a\u00f1os en la Televisi\u00f3n en M\u00e9xico, en redacci\u00f3n de programas culturales y textos hist\u00f3ricos.<\/p>\n<p>Es coautora en los lbros: <em><strong>Los Cuentos de los f Mi\u00e9rcoles<\/strong><\/em>, resultado conjunto de los asistentes al Taller de Literatura del Maestro Felipe San Jos\u00e9, <em><strong>Escritoras mexicanas vistas por escritoras mexicanas<\/strong> (Con un ensayo sobre la escritora Elena Garro) publicado por el Departamento de Lenguas Modernas del Instituto de Estudios \u00c9tnicos de la Universidad de Nebraska-Lincoln<\/em> y <em><strong>Periferia de Eros<\/strong> (Cuentos)<\/em>. Es autora de la novela breve <em><strong>En forma Inconclusa<\/strong><\/em>, Editorial Palabra y Voz, y de la novela <em><strong>Una pasi\u00f3n diferente<\/strong><\/em>, Editorial Selector. Ha publicado cuentos en los suplementos culturales: &#8220;El Cuento&#8221; fundado y dirigido por Edmundo Valad\u00e9s, &#8220;El Bhuo&#8221;, del peri\u00f3dico Excelsior, y &#8220;Astillas&#8221; de la Escuela de Escritores de la SOGEM. Varios de sus relatos han sido inclu\u00eddos en <em>Letras Femeninas<\/em>, del Department of Modern Languages de la Universidad de Nebraska-Lincoln, en USA.<br \/>\nEn la actualidad promociona su Novela <em><strong>&#8220;Una pasi\u00f3n diferente&#8221;<\/strong><\/em>, que fue presentada en Centro Cultural Isidro Fabela &#8211; Museo Casa del Risco, en San Angel, Ciudad de M\u00e9xico, y ha participado en la Feria del Libro de Guadalajara, en la Feria del Libro de Le\u00f3n, Guanajuato, y en la Expo Libros y Revistas del World Trade Center.<\/p>\n<p><a href=\"http:\/\/www.facebook.com\/UnaPasionDiferente\" target=\"_blank\">http:\/\/www.facebook.com\/UnaPasionDiferente<\/a><br \/>\n<a href=\"http:\/\/www.facebook.com\/ximenarubiodelvalle\" target=\"_blank\">http:\/\/www.facebook.com\/ximenarubiodelvalle<\/a><br \/>\n<a href=\"https:\/\/twitter.com\/ximenarubiodelv\" target=\"_blank\">https:\/\/twitter.com\/ximenarubiodelv<\/a><\/p>\n","protected":false},"excerpt":{"rendered":"<p>Velada Art\u00edstica, Musical y Literaria en San Miguel de Allende, M\u00e9xico &nbsp; &nbsp; Ximena Rubio del Valle,\u00a0 tiene el gusto de participar el evento art\u00edstico, musical y literario, que con [&hellip;]<\/p>\n","protected":false},"author":2,"featured_media":611,"comment_status":"open","ping_status":"open","sticky":false,"template":"","format":"standard","meta":{"_acf_changed":false,"om_disable_all_campaigns":false,"_monsterinsights_skip_tracking":false,"_monsterinsights_sitenote_active":false,"_monsterinsights_sitenote_note":"","_monsterinsights_sitenote_category":0,"_vp_format_video_url":"","_vp_image_focal_point":[],"footnotes":""},"categories":[4],"tags":[20,365,215],"class_list":["post-609","post","type-post","status-publish","format-standard","has-post-thumbnail","hentry","category-celebracion-2014","tag-celebracion-del-mes-del-libro-hispano","tag-mes-de-la-hispanidad","tag-san-miguel-de-allende"],"acf":[],"aioseo_notices":[],"_links":{"self":[{"href":"https:\/\/milibrohispano.org\/en\/wp-json\/wp\/v2\/posts\/609","targetHints":{"allow":["GET"]}}],"collection":[{"href":"https:\/\/milibrohispano.org\/en\/wp-json\/wp\/v2\/posts"}],"about":[{"href":"https:\/\/milibrohispano.org\/en\/wp-json\/wp\/v2\/types\/post"}],"author":[{"embeddable":true,"href":"https:\/\/milibrohispano.org\/en\/wp-json\/wp\/v2\/users\/2"}],"replies":[{"embeddable":true,"href":"https:\/\/milibrohispano.org\/en\/wp-json\/wp\/v2\/comments?post=609"}],"version-history":[{"count":0,"href":"https:\/\/milibrohispano.org\/en\/wp-json\/wp\/v2\/posts\/609\/revisions"}],"wp:featuredmedia":[{"embeddable":true,"href":"https:\/\/milibrohispano.org\/en\/wp-json\/wp\/v2\/media\/611"}],"wp:attachment":[{"href":"https:\/\/milibrohispano.org\/en\/wp-json\/wp\/v2\/media?parent=609"}],"wp:term":[{"taxonomy":"category","embeddable":true,"href":"https:\/\/milibrohispano.org\/en\/wp-json\/wp\/v2\/categories?post=609"},{"taxonomy":"post_tag","embeddable":true,"href":"https:\/\/milibrohispano.org\/en\/wp-json\/wp\/v2\/tags?post=609"}],"curies":[{"name":"wp","href":"https:\/\/api.w.org\/{rel}","templated":true}]}}