{"id":5953,"date":"2017-07-24T16:08:22","date_gmt":"2017-07-24T21:08:22","guid":{"rendered":"https:\/\/milibrohispano.org\/?p=5953"},"modified":"2017-07-26T14:56:52","modified_gmt":"2017-07-26T19:56:52","slug":"jesus-neira-reconocido-sociedad-colombiana-prensa-medios-comunicacion","status":"publish","type":"post","link":"https:\/\/milibrohispano.org\/en\/jesus-neira-reconocido-sociedad-colombiana-prensa-medios-comunicacion\/","title":{"rendered":"Jesus Neira reconocido por Sociedad Colombiana de Prensa y Medios de Comunicaci\u00f3n"},"content":{"rendered":"<p>Nuestro Embajador de Buena Voluntad, el Doctor Jes\u00fas Neira Quintero (Bogot\u00e1, Colombia) fue reconocido por la Sociedad Colombiana de Prensa y Medios de Comunicaci\u00f3n, por su trayectoria profesional y social, con la Orden Ley y Democracia Francisco de Paula Santander, Grado de Caballero.<\/p>\n<p>&nbsp;<\/p>\n<p>La condecoraci\u00f3n le fue entregada en ceremonia especial el pasado 4 de julio en el Sal\u00f3n Boyac\u00e1 del Capitolio Nacional en el Congreso de la Rep\u00fablica, con motivo de la celebraci\u00f3n de los 26 a\u00f1os de la Constituci\u00f3n Nacional.<\/p>\n<p>En el acto tambi\u00e9n fueron condecorados funcionarios y entidades del sector p\u00fablico y privado.<\/p>\n<p><img loading=\"lazy\" decoding=\"async\" class=\"size-full wp-image-5956 aligncenter\" src=\"https:\/\/milibrohispano.org\/wp-content\/uploads\/2017\/07\/soc-colombiana-de-prensa.jpg\" alt=\"\" width=\"450\" height=\"220\" srcset=\"https:\/\/milibrohispano.org\/wp-content\/uploads\/2017\/07\/soc-colombiana-de-prensa.jpg 450w, https:\/\/milibrohispano.org\/wp-content\/uploads\/2017\/07\/soc-colombiana-de-prensa-380x186.jpg 380w, https:\/\/milibrohispano.org\/wp-content\/uploads\/2017\/07\/soc-colombiana-de-prensa-24x12.jpg 24w, https:\/\/milibrohispano.org\/wp-content\/uploads\/2017\/07\/soc-colombiana-de-prensa-36x18.jpg 36w, https:\/\/milibrohispano.org\/wp-content\/uploads\/2017\/07\/soc-colombiana-de-prensa-48x23.jpg 48w\" sizes=\"auto, (max-width: 450px) 100vw, 450px\" \/><\/p>\n","protected":false},"excerpt":{"rendered":"<p>Nuestro Embajador de Buena Voluntad, el Doctor Jes\u00fas Neira Quintero (Bogot\u00e1, Colombia) fue reconocido por la Sociedad Colombiana de Prensa y Medios de Comunicaci\u00f3n, por su trayectoria profesional y social, [&hellip;]<\/p>\n","protected":false},"author":2,"featured_media":5955,"comment_status":"open","ping_status":"open","sticky":false,"template":"","format":"standard","meta":{"_acf_changed":false,"om_disable_all_campaigns":false,"_monsterinsights_skip_tracking":false,"_monsterinsights_sitenote_active":false,"_monsterinsights_sitenote_note":"","_monsterinsights_sitenote_category":0,"_vp_format_video_url":"","_vp_image_focal_point":[],"footnotes":""},"categories":[689,8,360,406],"tags":[],"class_list":["post-5953","post","type-post","status-publish","format-standard","has-post-thumbnail","hentry","category-boletinnoticias","category-embajadores","category-eventos","category-sin-categoria"],"acf":[],"aioseo_notices":[],"_links":{"self":[{"href":"https:\/\/milibrohispano.org\/en\/wp-json\/wp\/v2\/posts\/5953","targetHints":{"allow":["GET"]}}],"collection":[{"href":"https:\/\/milibrohispano.org\/en\/wp-json\/wp\/v2\/posts"}],"about":[{"href":"https:\/\/milibrohispano.org\/en\/wp-json\/wp\/v2\/types\/post"}],"author":[{"embeddable":true,"href":"https:\/\/milibrohispano.org\/en\/wp-json\/wp\/v2\/users\/2"}],"replies":[{"embeddable":true,"href":"https:\/\/milibrohispano.org\/en\/wp-json\/wp\/v2\/comments?post=5953"}],"version-history":[{"count":0,"href":"https:\/\/milibrohispano.org\/en\/wp-json\/wp\/v2\/posts\/5953\/revisions"}],"wp:featuredmedia":[{"embeddable":true,"href":"https:\/\/milibrohispano.org\/en\/wp-json\/wp\/v2\/media\/5955"}],"wp:attachment":[{"href":"https:\/\/milibrohispano.org\/en\/wp-json\/wp\/v2\/media?parent=5953"}],"wp:term":[{"taxonomy":"category","embeddable":true,"href":"https:\/\/milibrohispano.org\/en\/wp-json\/wp\/v2\/categories?post=5953"},{"taxonomy":"post_tag","embeddable":true,"href":"https:\/\/milibrohispano.org\/en\/wp-json\/wp\/v2\/tags?post=5953"}],"curies":[{"name":"wp","href":"https:\/\/api.w.org\/{rel}","templated":true}]}}