{"id":4914,"date":"2017-05-23T16:26:15","date_gmt":"2017-05-23T20:56:15","guid":{"rendered":"https:\/\/milibrohispano.org\/?p=4914"},"modified":"2018-08-04T19:08:23","modified_gmt":"2018-08-05T00:08:23","slug":"fundacion-latinoamericanos-unidos-celebro-su-primera-gala-como-organizacion-civil-miembro-79-de-la-oea","status":"publish","type":"post","link":"https:\/\/milibrohispano.org\/en\/fundacion-latinoamericanos-unidos-celebro-su-primera-gala-como-organizacion-civil-miembro-79-de-la-oea\/","title":{"rendered":"Fundaci\u00f3n Latinoamericanos Unidos celebr\u00f3 su primera gala como organizaci\u00f3n civil miembro #79 de la OEA"},"content":{"rendered":"<p><strong>Hispanic Heritage Literature Organization \/ Milibrohispano, miembro de la Fundaci\u00f3n Latinoamericanos Unidos (FLAU), celebra la aprobaci\u00f3n de FLAU como Organizaci\u00f3n de la Sociedad Civil #79 de la OEA.<\/strong><\/p>\n<p><strong>Hispanic Heritage Literature Organization\/Milibrohispano present\u00f3 su Carta de derechos a la OEA.<\/strong><\/p>\n<p><strong>El poeta argentino, Luis Alberto Ambroggio, recibi\u00f3 la Medalla Abraham Lincoln.<\/strong><\/p>\n<p>Miami, 23 de mayo de 2017. El pasado s\u00e1bado, 20 de mayo de 2017, la Fundaci\u00f3n Latinoamericanos Unidos fundada por el Sr. Alfred Santamaria y presidida por la Sra. Alba Luc\u00eda V\u00e9lez, ofreci\u00f3 una gala en la sede de la Universidad Albizu para anunciar la reciente aprobaci\u00f3n que le hiciera la Organizaci\u00f3n de Estados Americanos \u2014OEA\u2014 como Organizaci\u00f3n de la Sociedad Civil #79 y celebrar <em>The Abraham Lincoln Awards 2017<\/em>.<\/p>\n<p>En un acto sin precedentes, la Fundaci\u00f3n Latinoamericanos Unidos celebr\u00f3 su primera gala como organizaci\u00f3n civil miembro #79 de la OEA, con un homenaje al presidente n\u00famero 16 de los Estados Unidos, el Sr. Abraham Lincoln. Su legado fue el marco para reconocer a seis \u00a0personalidades de diferentes pa\u00edses: El Sr. Luis Alfredo Almagro (Uruguay), el Sr. Luis Alberto Ambroggio (Argentina), el Pr\u00edncipe Emmanuel Abiodum Aderele (Nigeria), el Dr. Otto F. von Feigenblatt (Costa Rica), el Sr. Adri\u00e1n Hern\u00e1ndez\u201cDuquecito Hern\u00e1ndez\u201d (Rep\u00fablica Dominicana), la Sra. Marjorie Murillo (Costa Rica) y el Sr. Luis Su\u00e1rez (Cuba).<\/p>\n<p>El programa incluy\u00f3 la participaci\u00f3n de la madre de Rosa Mar\u00eda Pay\u00e1, hija del l\u00edder cubano Oswaldo Pay\u00e1, y la presencia de figuras notables en materia de educaci\u00f3n, gobierno y empresas privadas. Por su parte, HISPANIC HERITAGE LITERATURE ORGANIZATION \/ MILIBROHISPANO representada por los escritores acompa\u00f1\u00f3 efusivamente al poeta Luis Alberto Ambroggio, en este merecido homenaje que le hiciera la Fundaci\u00f3n Latinoamericanos Unidos, que se suma a la lista de reconocimientos internacionales que celebran la obra literaria del poeta y como pre\u00e1mbulo del reconocimiento que recibir\u00e1 Ambroggio esta semana, en la tierra del poeta C\u00e9sar Vallejo.<\/p>\n<p>Hispanic Heritage Literature Organization \/ Milibrohispano se hizo presente con la participaci\u00f3n de la Sra. Licenia Gallo, Embajadora de la Celebraci\u00f3n Internacional del Mes del Libro Hispano en Tumaco, Colombia, quien present\u00f3 a su agrupaci\u00f3n Cueros y Chonta, que es a su vez el Proyecto Misi\u00f3n de Apoyo para la Paz en Colombia respaldado por la Fundaci\u00f3n Latinoamericanos Unidos. Al respecto, la Sra Licena coment\u00f3 que &#8220;Cueros y Chonta, es un semillero de j\u00f3venes talentos que emplean su tiempo libre en el aprendizaje, elaboraci\u00f3n, ejecuci\u00f3n y puesta en escena de los diversos instrumentos del folclor local, como una propuesta de paz, armon\u00eda y esperanza en una regi\u00f3n azotada por la violencia y el olvido.<\/p>\n<p>Uno de los segmentos m\u00e1s importantes del programa del evento, adem\u00e1s de la premiaci\u00f3n a este grupo de ilustres personas, fue la lectura de la &#8220;Carta de derechos&#8221; de 18 organizaciones miembros de la Fundaci\u00f3n Latinoamericanos Unidos y que se ser\u00e1 presentada a la OEA por la presidenta de la organizaci\u00f3n, la Sra. Alba Luc\u00eda V\u00e9lez.<\/p>\n<div id='gallery-1' class='gallery galleryid-4914 gallery-columns-1 gallery-size-large'><figure class='gallery-item'>\n\t\t\t<div class='gallery-icon landscape'>\n\t\t\t\t<a href='https:\/\/milibrohispano.org\/en\/evento-pilar-3-2\/'><img loading=\"lazy\" decoding=\"async\" width=\"785\" height=\"589\" src=\"https:\/\/milibrohispano.org\/wp-content\/uploads\/2017\/05\/Evento-Pilar-3.jpg\" class=\"attachment-large size-large\" alt=\"\" srcset=\"https:\/\/milibrohispano.org\/wp-content\/uploads\/2017\/05\/Evento-Pilar-3.jpg 785w, https:\/\/milibrohispano.org\/wp-content\/uploads\/2017\/05\/Evento-Pilar-3-250x188.jpg 250w, https:\/\/milibrohispano.org\/wp-content\/uploads\/2017\/05\/Evento-Pilar-3-768x576.jpg 768w, https:\/\/milibrohispano.org\/wp-content\/uploads\/2017\/05\/Evento-Pilar-3-16x12.jpg 16w, https:\/\/milibrohispano.org\/wp-content\/uploads\/2017\/05\/Evento-Pilar-3-624x468.jpg 624w, https:\/\/milibrohispano.org\/wp-content\/uploads\/2017\/05\/Evento-Pilar-3-24x18.jpg 24w, https:\/\/milibrohispano.org\/wp-content\/uploads\/2017\/05\/Evento-Pilar-3-36x27.jpg 36w, https:\/\/milibrohispano.org\/wp-content\/uploads\/2017\/05\/Evento-Pilar-3-48x36.jpg 48w, https:\/\/milibrohispano.org\/wp-content\/uploads\/2017\/05\/Evento-Pilar-3-380x285.jpg 380w, https:\/\/milibrohispano.org\/wp-content\/uploads\/2017\/05\/Evento-Pilar-3-600x450.jpg 600w\" sizes=\"auto, (max-width: 785px) 100vw, 785px\" \/><\/a>\n\t\t\t<\/div><\/figure><figure class='gallery-item'>\n\t\t\t<div class='gallery-icon landscape'>\n\t\t\t\t<a href='https:\/\/milibrohispano.org\/en\/evento-pilar-4-2\/'><img loading=\"lazy\" decoding=\"async\" width=\"785\" height=\"504\" src=\"https:\/\/milibrohispano.org\/wp-content\/uploads\/2017\/05\/Evento-Pilar-4-785x504.jpg\" class=\"attachment-large size-large\" alt=\"\" \/><\/a>\n\t\t\t<\/div><\/figure><figure class='gallery-item'>\n\t\t\t<div class='gallery-icon landscape'>\n\t\t\t\t<a href='https:\/\/milibrohispano.org\/en\/evento-pilar-2-2\/'><img loading=\"lazy\" decoding=\"async\" width=\"887\" height=\"665\" src=\"https:\/\/milibrohispano.org\/wp-content\/uploads\/2017\/05\/Evento-Pilar-2-scaled.jpg\" class=\"attachment-large size-large\" alt=\"\" srcset=\"https:\/\/milibrohispano.org\/wp-content\/uploads\/2017\/05\/Evento-Pilar-2-scaled.jpg 2560w, https:\/\/milibrohispano.org\/wp-content\/uploads\/2017\/05\/Evento-Pilar-2-380x285.jpg 380w, https:\/\/milibrohispano.org\/wp-content\/uploads\/2017\/05\/Evento-Pilar-2-600x450.jpg 600w\" sizes=\"auto, (max-width: 887px) 100vw, 887px\" \/><\/a>\n\t\t\t<\/div><\/figure><figure class='gallery-item'>\n\t\t\t<div class='gallery-icon portrait'>\n\t\t\t\t<a href='https:\/\/milibrohispano.org\/en\/evento-pilar-1-2\/'><img loading=\"lazy\" decoding=\"async\" width=\"650\" height=\"504\" src=\"https:\/\/milibrohispano.org\/wp-content\/uploads\/2017\/05\/Evento-Pilar-1-650x504.jpg\" class=\"attachment-large size-large\" alt=\"\" \/><\/a>\n\t\t\t<\/div><\/figure><figure class='gallery-item'>\n\t\t\t<div class='gallery-icon landscape'>\n\t\t\t\t<a href='https:\/\/milibrohispano.org\/en\/evento-pilar-5-2\/'><img loading=\"lazy\" decoding=\"async\" width=\"887\" height=\"488\" src=\"https:\/\/milibrohispano.org\/wp-content\/uploads\/2017\/05\/Evento-Pilar-5-917x504.jpg\" class=\"attachment-large size-large\" alt=\"\" \/><\/a>\n\t\t\t<\/div><\/figure><figure class='gallery-item'>\n\t\t\t<div class='gallery-icon landscape'>\n\t\t\t\t<a href='https:\/\/milibrohispano.org\/en\/flu-2-2\/'><img loading=\"lazy\" decoding=\"async\" width=\"852\" height=\"315\" src=\"https:\/\/milibrohispano.org\/wp-content\/uploads\/2017\/05\/flu-2.jpg\" class=\"attachment-large size-large\" alt=\"\" srcset=\"https:\/\/milibrohispano.org\/wp-content\/uploads\/2017\/05\/flu-2.jpg 852w, https:\/\/milibrohispano.org\/wp-content\/uploads\/2017\/05\/flu-2-380x140.jpg 380w, https:\/\/milibrohispano.org\/wp-content\/uploads\/2017\/05\/flu-2-600x222.jpg 600w, https:\/\/milibrohispano.org\/wp-content\/uploads\/2017\/05\/flu-2-768x284.jpg 768w, https:\/\/milibrohispano.org\/wp-content\/uploads\/2017\/05\/flu-2-300x111.jpg 300w, https:\/\/milibrohispano.org\/wp-content\/uploads\/2017\/05\/flu-2-24x9.jpg 24w, https:\/\/milibrohispano.org\/wp-content\/uploads\/2017\/05\/flu-2-36x13.jpg 36w, https:\/\/milibrohispano.org\/wp-content\/uploads\/2017\/05\/flu-2-48x18.jpg 48w\" sizes=\"auto, (max-width: 852px) 100vw, 852px\" \/><\/a>\n\t\t\t<\/div><\/figure>\n\t\t<\/div>\n\n<p>HISPANIC HERITAGE LITERATURE ORGANIZATION \/ MILIBROHISPANO, instituci\u00f3n sin \u00e1nimo de lucro que se ha destacado por su cruzada en favor de los escritores y la difusi\u00f3n de la literatura hispana, fue representada por el grupo de Embajadores de Buena Voluntad integrado por los escritores: Luz Amparo Reyes, Massiel \u00c1lvarez, Licenia Gallo, Jes\u00fas Neira Quintero, Armando Butr\u00f3n y Pilar V\u00e9lez, quienes leyeron a viva voz la siguiente lista de derechos que defiende la organizaci\u00f3n:<\/p>\n<ul>\n<li>Las futuras generaciones tienen derecho a recibir el legado de la literatura y el arte hispano como parte de su patrimonio cultural.<\/li>\n<li>Los escritores hispanos tienen derecho a contar con el apoyo de las entidades p\u00fablicas y privadas para que puedan promover sus obras y difundir sus aportes culturales e intelectuales a la comunidad.<\/li>\n<li>La comunidad tiene el derecho a conocer y asimilar a trav\u00e9s de la educaci\u00f3n y el entretenimiento, el vasto aporte cultural e intelectual fruto del desarrollo literario.<\/li>\n<li>Los autores y artistas hispanos tienen derecho a que la ley proteja sus derechos de autor y a recibir una justa compensaci\u00f3n por su trabajo art\u00edstico e intelectual.<\/li>\n<li>Los ni\u00f1os y adolescentes hispanos tienen derecho a contar con el apoyo de las entidades p\u00fablicas y privadas para desarrollar su talento literario y art\u00edstico.<\/li>\n<li>Los escritores, cuyo trabajo se centra en abordar temas relacionados con las causas sociales y el medio ambiente con el fin despertar consciencia e inspirar al cambio, tienen derecho a contar con apoyo especial por parte de entidades p\u00fablicas y privadas, para la difusi\u00f3n y comercializaci\u00f3n de sus obras.<\/li>\n<li>Las organizaciones literarias hispanas, entre ellas <em>Hispanic Heritage Literature Organization \/Milibrohispano<\/em>, tienen derecho a recibir apoyo para formar nuevos talentos, respaldar el trabajo de los escritores, y desarrollar una agenda cultural de alto nivel en pro de la calidad y el avance individual y colectivo del gremio literario, y del intercambio cultural con pa\u00edses que hablan otros idiomas.<\/li>\n<li>Nuestra organizaci\u00f3n Hispanic Heritage Literature Organization \/ Milibrohispano tiene derecho a recibir el apoyo de la OEA para promover a nivel internacional la <em>Celebraci\u00f3n Internacional del Mes del Libro Hispano <\/em>que viene realizando desde hace m\u00e1s 5 a\u00f1os, con el fin de crear espacios para difundir la literatura, las artes y la educaci\u00f3n como una estrategia social para incentivar el crecimiento, el intercambio cultural\u00a0 y la paz entre las comunidades.<\/li>\n<\/ul>\n<p>&nbsp;<\/p>\n","protected":false},"excerpt":{"rendered":"<p>Hispanic Heritage Literature Organization \/ Milibrohispano, miembro de la Fundaci\u00f3n Latinoamericanos Unidos (FLAU), celebra la aprobaci\u00f3n de FLAU como Organizaci\u00f3n de la Sociedad Civil #79 de la OEA. Hispanic Heritage [&hellip;]<\/p>\n","protected":false},"author":2,"featured_media":4916,"comment_status":"open","ping_status":"open","sticky":false,"template":"","format":"standard","meta":{"_acf_changed":false,"om_disable_all_campaigns":false,"_monsterinsights_skip_tracking":false,"_monsterinsights_sitenote_active":false,"_monsterinsights_sitenote_note":"","_monsterinsights_sitenote_category":0,"_vp_format_video_url":"","_vp_image_focal_point":[],"footnotes":""},"categories":[689,649,8,360,479,480,406],"tags":[],"class_list":["post-4914","post","type-post","status-publish","format-standard","has-post-thumbnail","hentry","category-boletinnoticias","category-celebracion-2017","category-embajadores","category-eventos","category-hhlo","category-milibrohispano","category-sin-categoria"],"acf":[],"aioseo_notices":[],"_links":{"self":[{"href":"https:\/\/milibrohispano.org\/en\/wp-json\/wp\/v2\/posts\/4914","targetHints":{"allow":["GET"]}}],"collection":[{"href":"https:\/\/milibrohispano.org\/en\/wp-json\/wp\/v2\/posts"}],"about":[{"href":"https:\/\/milibrohispano.org\/en\/wp-json\/wp\/v2\/types\/post"}],"author":[{"embeddable":true,"href":"https:\/\/milibrohispano.org\/en\/wp-json\/wp\/v2\/users\/2"}],"replies":[{"embeddable":true,"href":"https:\/\/milibrohispano.org\/en\/wp-json\/wp\/v2\/comments?post=4914"}],"version-history":[{"count":0,"href":"https:\/\/milibrohispano.org\/en\/wp-json\/wp\/v2\/posts\/4914\/revisions"}],"wp:featuredmedia":[{"embeddable":true,"href":"https:\/\/milibrohispano.org\/en\/wp-json\/wp\/v2\/media\/4916"}],"wp:attachment":[{"href":"https:\/\/milibrohispano.org\/en\/wp-json\/wp\/v2\/media?parent=4914"}],"wp:term":[{"taxonomy":"category","embeddable":true,"href":"https:\/\/milibrohispano.org\/en\/wp-json\/wp\/v2\/categories?post=4914"},{"taxonomy":"post_tag","embeddable":true,"href":"https:\/\/milibrohispano.org\/en\/wp-json\/wp\/v2\/tags?post=4914"}],"curies":[{"name":"wp","href":"https:\/\/api.w.org\/{rel}","templated":true}]}}