{"id":4762,"date":"2017-04-11T10:08:28","date_gmt":"2017-04-11T14:38:28","guid":{"rendered":"https:\/\/milibrohispano.org\/?p=4762"},"modified":"2017-04-11T12:12:52","modified_gmt":"2017-04-11T16:42:52","slug":"la-colombiana-maritza-martinez-mejia-llevara-ojos-avellana-a-filbo-2017","status":"publish","type":"post","link":"https:\/\/milibrohispano.org\/en\/la-colombiana-maritza-martinez-mejia-llevara-ojos-avellana-a-filbo-2017\/","title":{"rendered":"La colombiana Maritza Mart\u00ednez Mej\u00eda llevar\u00e1\u00a0Ojos avellana a FILBo 2017"},"content":{"rendered":"<p>La premiada escritora y poeta <strong>Maritza Mart\u00ednez Mej\u00eda<\/strong> presentar\u00e1 su libro<em>\u00a0Ojos avellana\u00a0<\/em>en la Feria Internacional del Libro (FILBo) que se realizar\u00e1 en la ciudad de Bogot\u00e1 en las instalaciones de Confer\u00edas entre el 25 de abril al 8 de mayo.<\/p>\n<p><img loading=\"lazy\" decoding=\"async\" class=\"alignleft wp-image-1817\" src=\"https:\/\/milibrohispano.org\/wp-content\/uploads\/2016\/05\/maritza-mej\u00edas.jpg\" alt=\"\" width=\"145\" height=\"195\" srcset=\"https:\/\/milibrohispano.org\/wp-content\/uploads\/2016\/05\/maritza-mej\u00edas.jpg 845w, https:\/\/milibrohispano.org\/wp-content\/uploads\/2016\/05\/maritza-mej\u00edas-186x250.jpg 186w, https:\/\/milibrohispano.org\/wp-content\/uploads\/2016\/05\/maritza-mej\u00edas-768x1034.jpg 768w, https:\/\/milibrohispano.org\/wp-content\/uploads\/2016\/05\/maritza-mej\u00edas-9x12.jpg 9w, https:\/\/milibrohispano.org\/wp-content\/uploads\/2016\/05\/maritza-mej\u00edas-624x840.jpg 624w, https:\/\/milibrohispano.org\/wp-content\/uploads\/2016\/05\/maritza-mej\u00edas-802x1080.jpg 802w, https:\/\/milibrohispano.org\/wp-content\/uploads\/2016\/05\/maritza-mej\u00edas-18x24.jpg 18w, https:\/\/milibrohispano.org\/wp-content\/uploads\/2016\/05\/maritza-mej\u00edas-27x36.jpg 27w, https:\/\/milibrohispano.org\/wp-content\/uploads\/2016\/05\/maritza-mej\u00edas-36x48.jpg 36w, https:\/\/milibrohispano.org\/wp-content\/uploads\/2016\/05\/maritza-mej\u00edas-380x512.jpg 380w, https:\/\/milibrohispano.org\/wp-content\/uploads\/2016\/05\/maritza-mej\u00edas-600x808.jpg 600w\" sizes=\"auto, (max-width: 145px) 100vw, 145px\" \/>La colombiana, radicada en Estados Unidos, fue ganadora del\u00a0Latino Book Awards\u00a0como mejor libro no ficci\u00f3n\u00a0traducido del ingl\u00e9s al espa\u00f1ol\u00a0y mejor libro no ficci\u00f3n electr\u00f3nico 2016.<\/p>\n<p>Maritza presentar\u00e1 <strong><em>Ojos avellana<\/em><\/strong> <strong>el<\/strong> <strong>d\u00eda 7 de Mayo de 1:00 p.m. a 2:00 p.m. en la Sala FILBo H. <\/strong><em>O<\/em><em>jos avellana<\/em>, fue publicada en ingl\u00e9s con el t\u00edtulo\u00a0<em>Hazel Eyes<\/em>\u00a0en el a\u00f1o 2010, cuya traducci\u00f3n al espa\u00f1ol, particip\u00f3 en el concurso Indie de Amazon 2015. Adem\u00e1s, Mart\u00ednez Mej\u00eda es la autora de dos cuentos biling\u00fces, Lecciones de Vida y un libro de poes\u00edas biling\u00fces galardonado con el premio\u00a0Virtue Christian Poetry 2016.<\/p>\n<p><img loading=\"lazy\" decoding=\"async\" class=\"alignleft wp-image-2475\" src=\"https:\/\/milibrohispano.org\/wp-content\/uploads\/2016\/05\/Martiza-Mejia-nueva-portadas-Ojos-Avellana_Mejia.jpg\" alt=\"\" width=\"174\" height=\"261\" srcset=\"https:\/\/milibrohispano.org\/wp-content\/uploads\/2016\/05\/Martiza-Mejia-nueva-portadas-Ojos-Avellana_Mejia.jpg 640w, https:\/\/milibrohispano.org\/wp-content\/uploads\/2016\/05\/Martiza-Mejia-nueva-portadas-Ojos-Avellana_Mejia-380x570.jpg 380w, https:\/\/milibrohispano.org\/wp-content\/uploads\/2016\/05\/Martiza-Mejia-nueva-portadas-Ojos-Avellana_Mejia-600x900.jpg 600w\" sizes=\"auto, (max-width: 174px) 100vw, 174px\" \/>\u201c<em>Ojos avellana\u00a0<\/em>atrapa al lector desde las\u00a0primeras p\u00e1ginas, ese es el verdadero talento del escritor\u201d, dice la escritora paname\u00f1a Rose Marie Tapia R. El libro conecta cada cap\u00edtulo con historias comunes y hechos sobrenaturales vividos por la autora. Los temas incluyen los conflictos de la adolescencia, la vida universitaria, tradiciones, cultura, religi\u00f3n, matrimonio, maternidad, envejecimiento y muerte.<\/p>\n<p>\u201cCuando quiera sumirse en un mundo de delicada urdimbre, deliciosa lectura y deslumbrante historia que lo enriquecer\u00e1 profundamente de una manera espiritual, le recomiendo que abra las p\u00e1ginas de este libro titulado\u00a0<em>Ojos avellana<\/em>, de la escritora colombiana Maritza Mart\u00ednez Mej\u00eda&#8221;. Expres\u00f3 en un comunicado Mercedes Eleine Gonz\u00e1lez, de Editorial Entre L\u00edneas.<\/p>\n<p>El libro est\u00e1 disponible en <a href=\"http:\/\/www.amazon.com\/Ojos-Avellana-Testimonio-Fe-Spanish-ebook\/dp\/B01494512Y\" target=\"_blank\">Amazon<\/a>. Pueden seguir la trayectoria de Maritza Mart\u00ednez Mej\u00eda en su <a href=\"http:\/\/www.luzdelmes.com\/\" target=\"_blank\">web<\/a>\u00a0y en las redes sociales como <a href=\"https:\/\/www.facebook.com\/luzdelmes\/\" target=\"_blank\">Facebook<\/a>, <a href=\"https:\/\/twitter.com\/luzdelmes\" target=\"_blank\">Twitter<\/a>, <a href=\"http:\/\/luzdelmes.blogspot.com\/\" target=\"_blank\">Blog <\/a>y\u00a0<a href=\"https:\/\/www.pinterest.com\/luzdelmes\/\" target=\"_blank\">Pinterest<\/a>.<\/p>\n<p>&nbsp;<\/p>\n<p>&nbsp;<\/p>\n","protected":false},"excerpt":{"rendered":"<p>La premiada escritora y poeta Maritza Mart\u00ednez Mej\u00eda presentar\u00e1 su libro\u00a0Ojos avellana\u00a0en la Feria Internacional del Libro (FILBo) que se realizar\u00e1 en la ciudad de Bogot\u00e1 en las instalaciones de [&hellip;]<\/p>\n","protected":false},"author":2,"featured_media":3485,"comment_status":"open","ping_status":"open","sticky":false,"template":"","format":"standard","meta":{"_acf_changed":false,"om_disable_all_campaigns":false,"_monsterinsights_skip_tracking":false,"_monsterinsights_sitenote_active":false,"_monsterinsights_sitenote_note":"","_monsterinsights_sitenote_category":0,"_vp_format_video_url":"","_vp_image_focal_point":[],"footnotes":""},"categories":[360,218,406],"tags":[],"class_list":["post-4762","post","type-post","status-publish","format-standard","has-post-thumbnail","hentry","category-eventos","category-libros","category-sin-categoria"],"acf":[],"aioseo_notices":[],"_links":{"self":[{"href":"https:\/\/milibrohispano.org\/en\/wp-json\/wp\/v2\/posts\/4762","targetHints":{"allow":["GET"]}}],"collection":[{"href":"https:\/\/milibrohispano.org\/en\/wp-json\/wp\/v2\/posts"}],"about":[{"href":"https:\/\/milibrohispano.org\/en\/wp-json\/wp\/v2\/types\/post"}],"author":[{"embeddable":true,"href":"https:\/\/milibrohispano.org\/en\/wp-json\/wp\/v2\/users\/2"}],"replies":[{"embeddable":true,"href":"https:\/\/milibrohispano.org\/en\/wp-json\/wp\/v2\/comments?post=4762"}],"version-history":[{"count":0,"href":"https:\/\/milibrohispano.org\/en\/wp-json\/wp\/v2\/posts\/4762\/revisions"}],"wp:featuredmedia":[{"embeddable":true,"href":"https:\/\/milibrohispano.org\/en\/wp-json\/wp\/v2\/media\/3485"}],"wp:attachment":[{"href":"https:\/\/milibrohispano.org\/en\/wp-json\/wp\/v2\/media?parent=4762"}],"wp:term":[{"taxonomy":"category","embeddable":true,"href":"https:\/\/milibrohispano.org\/en\/wp-json\/wp\/v2\/categories?post=4762"},{"taxonomy":"post_tag","embeddable":true,"href":"https:\/\/milibrohispano.org\/en\/wp-json\/wp\/v2\/tags?post=4762"}],"curies":[{"name":"wp","href":"https:\/\/api.w.org\/{rel}","templated":true}]}}