{"id":3912,"date":"2017-02-10T18:32:02","date_gmt":"2017-02-10T23:02:02","guid":{"rendered":"https:\/\/milibrohispano.org\/?p=3912"},"modified":"2017-02-10T21:49:49","modified_gmt":"2017-02-11T02:19:49","slug":"mi-libro-hispano-te-invita-a-apoyar-a-la-organizacion-para-la-naturaleza-de-puerto-rico","status":"publish","type":"post","link":"https:\/\/milibrohispano.org\/en\/mi-libro-hispano-te-invita-a-apoyar-a-la-organizacion-para-la-naturaleza-de-puerto-rico\/","title":{"rendered":"Mi Libro Hispano te invita a apoyar a la organizaci\u00f3n &#8220;Para La Naturaleza&#8221; de Puerto Rico"},"content":{"rendered":"<p>Miami, 10 de febrero de 2017. Victor Zamparelli y Pilar V\u00e9lez, directores de Hispanic Heritage Literature Organization \/ Milibrohispano.org- se sumaron el d\u00eda de ayer, a la convocatoria que hiciera la reconocida periodista y presentadora de televisi\u00f3n, Mar\u00eda Celeste Arrar\u00e1s para reunir fondos y apoyar a la organizaci\u00f3n puertorrique\u00f1a &#8220;Para la Naturaleza&#8221;. El evento, que logr\u00f3 reunir a por lo menos doscientas personas, sirvi\u00f3 para promover los recursos naturales de la isla y crear conciencia sobre la urgencia de proteger los ecosistemas de Puerto Rico y del mundo.<\/p>\n<p><strong>Para la Naturaleza<\/strong> es una organizaci\u00f3n sin \u00e1nimo de lucro que trabaja arduamente por el futuro sostenible de la isla, para que las generaciones del ma\u00f1ana puedan vivir y disfrutar del patrimonio natural, respetando su armon\u00eda y defendiendo su preservaci\u00f3n.<\/p>\n<p>Con este fin, <strong>Para la Naturaleza <\/strong>lidera una campa\u00f1a sin precedentes, que incluye educaci\u00f3n, turismo ecol\u00f3gico y la conservaci\u00f3n de terrenos. La meta de la organizaci\u00f3n es asegurar que el 33% de los ecosistemas naturales de Puerto Rico est\u00e9n protegidos para el a\u00f1o 2033. La meta es ambiciosa, pero como ellos indican: &#8220;Los Estados Unidos continentales y Costa Rica dedican un 26% de su territorio a la conservaci\u00f3n, y nuestros vecinos antillanos en la Rep\u00fablica Dominicana un 24%, Cuba 17%, e Islas V\u00edrgenes\u2014cuyo sustento depende casi completamente del turismo\u2014protege hasta el 52% de su territorio&#8221;. A la fecha, Puerto Rico reporta un 16%, gracias al esfuerzo del gobierno y las entidades privadas, por lo que es indispensable que la comunidad puertorrique\u00f1a y los ciudadanos del mundo se solidaricen y act\u00faen en favor de la protecci\u00f3n de uno de los sitios m\u00e1s hermosos del planeta.<\/p>\n<p>&#8220;En 2016, Hispanic Heritage Literature Organization \/ Milibrohispano dio un gran paso adelante, cuando celebramos en Miami, el XII Encuentro Internacional de Escritoras EE-UU, dedicado a la escritora y ambientalista, Marjory Stoneman Douglas. Este a\u00f1o, nos sentimos honrados al aportar nuestro granito de arena en apoyo al trabajo que adelantan nuestros amigos de &#8220;Para la Naturaleza&#8221;, lo que nos permite\u00a0 continuar con nuestro compromiso de difundir el amor por el medio ambiente e involucrar a la comunidad de escritores y artistas hispanos en la causa ambiental. \u00a0 El trabajo que realiza Para la Naturaleza, en Puerto Rico, \u00a0es un excelente ejemplo de solidaridad, compromiso y visi\u00f3n&#8221;, coment\u00f3 la escritora Pilar V\u00e9lez, presidenta de Hispanic Heritage Literature Organization (HHLO).<\/p>\n<p>Mar\u00eda Celeste Arrar\u00e1s, ganadora de tres premios Emmy de periodismo y conductora del programa <em>Al Rojo Vivo con Mar\u00eda Celeste<\/em>, se distingue adem\u00e1s por su activismo en favor de diferentes causas que promueven\u00a0los derechos de los animales, la investigaci\u00f3n para el autismo y la conservaci\u00f3n del medio ambiente. Su respaldo a la labor de &#8220;Para la Naturaleza&#8221;, augura el \u00e9xito de esta campa\u00f1a y sirve de motivaci\u00f3n para que la comunidad contribuya a este importante proyecto de vida.<\/p>\n<p>Si desea conocer a &#8220;<a href=\"http:\/\/www.paralanaturaleza.org\/\" target=\"_blank\">Para la Naturaleza&#8221;<\/a>, lo invitamos a que visite su p\u00e1gina Web y se involucre en las diversas actividades y programas que ofrecen.<\/p>\n<figure id=\"attachment_3914\" aria-describedby=\"caption-attachment-3914\" style=\"width: 2089px\" class=\"wp-caption alignleft\"><img loading=\"lazy\" decoding=\"async\" class=\"wp-image-3914 size-full\" src=\"https:\/\/milibrohispano.org\/wp-content\/uploads\/2017\/02\/Para-la-naturaleza.jpg\" width=\"2089\" height=\"1932\" srcset=\"https:\/\/milibrohispano.org\/wp-content\/uploads\/2017\/02\/Para-la-naturaleza.jpg 2089w, https:\/\/milibrohispano.org\/wp-content\/uploads\/2017\/02\/Para-la-naturaleza-250x231.jpg 250w, https:\/\/milibrohispano.org\/wp-content\/uploads\/2017\/02\/Para-la-naturaleza-768x710.jpg 768w, https:\/\/milibrohispano.org\/wp-content\/uploads\/2017\/02\/Para-la-naturaleza-1536x1421.jpg 1536w, https:\/\/milibrohispano.org\/wp-content\/uploads\/2017\/02\/Para-la-naturaleza-2048x1894.jpg 2048w, https:\/\/milibrohispano.org\/wp-content\/uploads\/2017\/02\/Para-la-naturaleza-13x12.jpg 13w, https:\/\/milibrohispano.org\/wp-content\/uploads\/2017\/02\/Para-la-naturaleza-947x876.jpg 947w, https:\/\/milibrohispano.org\/wp-content\/uploads\/2017\/02\/Para-la-naturaleza-624x577.jpg 624w, https:\/\/milibrohispano.org\/wp-content\/uploads\/2017\/02\/Para-la-naturaleza-1168x1080.jpg 1168w, https:\/\/milibrohispano.org\/wp-content\/uploads\/2017\/02\/Para-la-naturaleza-24x22.jpg 24w, https:\/\/milibrohispano.org\/wp-content\/uploads\/2017\/02\/Para-la-naturaleza-36x33.jpg 36w, https:\/\/milibrohispano.org\/wp-content\/uploads\/2017\/02\/Para-la-naturaleza-48x44.jpg 48w, https:\/\/milibrohispano.org\/wp-content\/uploads\/2017\/02\/Para-la-naturaleza-380x351.jpg 380w, https:\/\/milibrohispano.org\/wp-content\/uploads\/2017\/02\/Para-la-naturaleza-600x555.jpg 600w\" sizes=\"auto, (max-width: 2089px) 100vw, 2089px\" \/><figcaption id=\"caption-attachment-3914\" class=\"wp-caption-text\">Mar\u00eda Celeste Arrar\u00e1s, Astrid Arrar\u00e1s, Pilar Velez y V\u00edctor Zamparelli de Hispanic Heritage Literature Organization\/ Milibrohispano.org<\/figcaption><\/figure>\n<p>&nbsp;<\/p>\n<p>&nbsp;<\/p>\n<p>&nbsp;<\/p>\n<p>&nbsp;<\/p>\n<p>&nbsp;<\/p>\n<p>&nbsp;<\/p>\n","protected":false},"excerpt":{"rendered":"<p>Miami, 10 de febrero de 2017. Victor Zamparelli y Pilar V\u00e9lez, directores de Hispanic Heritage Literature Organization \/ Milibrohispano.org- se sumaron el d\u00eda de ayer, a la convocatoria que hiciera [&hellip;]<\/p>\n","protected":false},"author":2,"featured_media":3914,"comment_status":"open","ping_status":"open","sticky":false,"template":"","format":"standard","meta":{"_acf_changed":false,"om_disable_all_campaigns":false,"_monsterinsights_skip_tracking":false,"_monsterinsights_sitenote_active":false,"_monsterinsights_sitenote_note":"","_monsterinsights_sitenote_category":0,"_vp_format_video_url":"","_vp_image_focal_point":[],"footnotes":""},"categories":[649,360,480],"tags":[],"class_list":["post-3912","post","type-post","status-publish","format-standard","has-post-thumbnail","hentry","category-celebracion-2017","category-eventos","category-milibrohispano"],"acf":[],"aioseo_notices":[],"_links":{"self":[{"href":"https:\/\/milibrohispano.org\/en\/wp-json\/wp\/v2\/posts\/3912","targetHints":{"allow":["GET"]}}],"collection":[{"href":"https:\/\/milibrohispano.org\/en\/wp-json\/wp\/v2\/posts"}],"about":[{"href":"https:\/\/milibrohispano.org\/en\/wp-json\/wp\/v2\/types\/post"}],"author":[{"embeddable":true,"href":"https:\/\/milibrohispano.org\/en\/wp-json\/wp\/v2\/users\/2"}],"replies":[{"embeddable":true,"href":"https:\/\/milibrohispano.org\/en\/wp-json\/wp\/v2\/comments?post=3912"}],"version-history":[{"count":0,"href":"https:\/\/milibrohispano.org\/en\/wp-json\/wp\/v2\/posts\/3912\/revisions"}],"wp:featuredmedia":[{"embeddable":true,"href":"https:\/\/milibrohispano.org\/en\/wp-json\/wp\/v2\/media\/3914"}],"wp:attachment":[{"href":"https:\/\/milibrohispano.org\/en\/wp-json\/wp\/v2\/media?parent=3912"}],"wp:term":[{"taxonomy":"category","embeddable":true,"href":"https:\/\/milibrohispano.org\/en\/wp-json\/wp\/v2\/categories?post=3912"},{"taxonomy":"post_tag","embeddable":true,"href":"https:\/\/milibrohispano.org\/en\/wp-json\/wp\/v2\/tags?post=3912"}],"curies":[{"name":"wp","href":"https:\/\/api.w.org\/{rel}","templated":true}]}}