{"id":3791,"date":"2016-10-24T00:33:13","date_gmt":"2016-10-24T05:03:13","guid":{"rendered":"https:\/\/milibrohispano.org\/?p=3791"},"modified":"2018-08-04T20:23:36","modified_gmt":"2018-08-05T01:23:36","slug":"pilar-velez-es-nombrada-miembro-colaborador-de-la-academia-norteamericana-de-la-lengua-espanola-anle","status":"publish","type":"post","link":"https:\/\/milibrohispano.org\/en\/pilar-velez-es-nombrada-miembro-colaborador-de-la-academia-norteamericana-de-la-lengua-espanola-anle\/","title":{"rendered":"Pilar V\u00e9lez es nombrada miembro colaborador de la Academia Norteamericana de la Lengua Espa\u00f1ola (ANLE)"},"content":{"rendered":"<p style=\"text-align: justify;\">La escritora Pilar V\u00e9lez, premiada recientemente en el certamen m\u00e1s prestigioso de los Estados Unidos para la literatura escrita por hispanos: el International Latino Book Awards, fue nombrada Miembro Colaborador por la Junta Directiva de la Academia Norteamericana de la Lengua Espa\u00f1ola, ANLE.\u00a0Esta distinci\u00f3n le llega de su actual Director, Gerardo Pi\u00f1a-Rosales.<\/p>\n<p style=\"text-align: justify;\">La Academia Norteamericana de la Lengua Espa\u00f1ola\u00a0(ANLE) constituida en 1973, tiene como misi\u00f3n la preservaci\u00f3n del uso de la lengua espa\u00f1ola estableciendo, difundiendo y promoviendo entre los\u00a0<em>hispanounidenses<\/em>\u00a0los criterios de propiedad y correcci\u00f3n mediante normas que justifiquen y clarifiquen ese uso.\u00a0Su objetivo principal es fomentar la unidad y defensa de la lengua espa\u00f1ola en los Estados Unidos. La ANLE tiene su sede en Nueva York y tres delegaciones: en Washington DC, Miami y California.<\/p>\n<p style=\"text-align: justify;\">M\u00e1s informaci\u00f3n en <a href=\"http:\/\/www.anle.us\/\" target=\"_blank\" rel=\"noopener\">ANLE<\/a><\/p>\n<p style=\"text-align: justify;\"><strong><img loading=\"lazy\" decoding=\"async\" class=\"wp-image-3792 alignleft\" src=\"https:\/\/milibrohispano.org\/wp-content\/uploads\/2016\/10\/Pilar-2-con-filtro-retocada-Pilar.jpg\" alt=\"pilar-2-con-filtro-retocada-pilar\" width=\"308\" height=\"241\" \/>Pilar V\u00e9lez Zamparelli<\/strong>, es escritora y poeta colombiana radicada en el sur de la Florida. Tres veces galardonada en el International Latino Book Awards por sus poemarios\u00a0<em>Soles Manchados<\/em>\u00a0y\u00a0<em>Pas de Deux, Relatos y Poemas en Escena<\/em>, del cual es coautora. Recientemente obtuvo el Primer Lugar de este certamen con\u00a0<em>El Expreso del Sol,<\/em><em>\u00a0<\/em>su debut en el g\u00e9nero de la novela. Obra dedicada a los desplazados y a las v\u00edctimas de la violencia, que evidencia su sensibilidad hacia las causas sociales y presenta otros matices de la realidad trabajados desde la \u00f3ptica literaria.<\/p>\n<p style=\"text-align: justify;\">Su compromiso con el desarrollo literario y cultural ha sido ampliamente reconocido. Ha dirigido talleres de poes\u00eda y escritura creativa para ni\u00f1os. Fund\u00f3 y preside la Hispanic Heritage Literature Organization, entidad que convoca la\u00a0<em>Celebraci\u00f3n Internacional del Mes del Libro Hispano<\/em>. Es directora y fundadora de\u00a0<em>AIPEH Miami<\/em>, cap\u00edtulo de la\u00a0<em>Asociaci\u00f3n Internacional de Poetas y Escritores Hispanos<\/em>. Desde ambas organizaciones dirige y colabora en m\u00faltiples proyectos literarios y culturales, dentro y fuera de Estados Unidos.<\/p>\n","protected":false},"excerpt":{"rendered":"<p>La escritora Pilar V\u00e9lez, premiada recientemente en el certamen m\u00e1s prestigioso de los Estados Unidos para la literatura escrita por hispanos: el International Latino Book Awards, fue nombrada Miembro Colaborador [&hellip;]<\/p>\n","protected":false},"author":2,"featured_media":3792,"comment_status":"open","ping_status":"open","sticky":false,"template":"","format":"standard","meta":{"_acf_changed":false,"om_disable_all_campaigns":false,"_monsterinsights_skip_tracking":false,"_monsterinsights_sitenote_active":false,"_monsterinsights_sitenote_note":"","_monsterinsights_sitenote_category":0,"_vp_format_video_url":"","_vp_image_focal_point":[],"footnotes":""},"categories":[689,730,406],"tags":[],"class_list":["post-3791","post","type-post","status-publish","format-standard","has-post-thumbnail","hentry","category-boletinnoticias","category-fundadora","category-sin-categoria"],"acf":[],"aioseo_notices":[],"_links":{"self":[{"href":"https:\/\/milibrohispano.org\/en\/wp-json\/wp\/v2\/posts\/3791","targetHints":{"allow":["GET"]}}],"collection":[{"href":"https:\/\/milibrohispano.org\/en\/wp-json\/wp\/v2\/posts"}],"about":[{"href":"https:\/\/milibrohispano.org\/en\/wp-json\/wp\/v2\/types\/post"}],"author":[{"embeddable":true,"href":"https:\/\/milibrohispano.org\/en\/wp-json\/wp\/v2\/users\/2"}],"replies":[{"embeddable":true,"href":"https:\/\/milibrohispano.org\/en\/wp-json\/wp\/v2\/comments?post=3791"}],"version-history":[{"count":0,"href":"https:\/\/milibrohispano.org\/en\/wp-json\/wp\/v2\/posts\/3791\/revisions"}],"wp:featuredmedia":[{"embeddable":true,"href":"https:\/\/milibrohispano.org\/en\/wp-json\/wp\/v2\/media\/3792"}],"wp:attachment":[{"href":"https:\/\/milibrohispano.org\/en\/wp-json\/wp\/v2\/media?parent=3791"}],"wp:term":[{"taxonomy":"category","embeddable":true,"href":"https:\/\/milibrohispano.org\/en\/wp-json\/wp\/v2\/categories?post=3791"},{"taxonomy":"post_tag","embeddable":true,"href":"https:\/\/milibrohispano.org\/en\/wp-json\/wp\/v2\/tags?post=3791"}],"curies":[{"name":"wp","href":"https:\/\/api.w.org\/{rel}","templated":true}]}}