{"id":301,"date":"2014-08-12T23:11:18","date_gmt":"2014-08-12T23:11:18","guid":{"rendered":"https:\/\/milibrohispano.org\/?p=301"},"modified":"2014-08-26T14:32:27","modified_gmt":"2014-08-26T14:32:27","slug":"el-mes-de-la-hispanidad-se-viste-de-gala-noche-de-poesia-y-arte-colombiano-en-el-consulado-general-de-colombia-en-miami","status":"publish","type":"post","link":"https:\/\/milibrohispano.org\/en\/el-mes-de-la-hispanidad-se-viste-de-gala-noche-de-poesia-y-arte-colombiano-en-el-consulado-general-de-colombia-en-miami\/","title":{"rendered":"El Mes de la Hispanidad se viste de gala: &#8220;Noche de Poes\u00eda y Arte colombiano en el Consulado General de Colombia en Miami&#8221;"},"content":{"rendered":"<p style=\"text-align: center;\">Tres poetas colombianos se preparan para compartir con el p\u00fablico de Miami, una muestra de su trabajo po\u00e9tico durante la Celebraci\u00f3n Internacional del Mes del Libro Hispano 2014. \u00a0Ellos son: Pilar V\u00e9lez, John Jairo Palomino y Luis Carlos Fallon. El compendio de poemas seleccionado para la noche incluye diferentes t\u00f3picos, estilos y voces.<\/p>\n<p style=\"text-align: center;\">No se pierda una noche de musas y de arte, con la exposici\u00f3n del artista John Jairo Palomino.<\/p>\n<p style=\"text-align: center;\"><strong>Consulado General de Colombia en Miami, FL<\/strong><\/p>\n<p style=\"text-align: center;\">280 Arag\u00f3n Avenue, Coral Gables, FL 33134<\/p>\n<p style=\"text-align: center;\"><em>Proximamente confirmaremos la fecha y la hora de este maravilloso encuentro.<\/em><\/p>\n<p><a href=\"https:\/\/milibrohispano.org\/wp-content\/uploads\/2014\/08\/Banner-autores.png\"><img loading=\"lazy\" decoding=\"async\" class=\"aligncenter size-full wp-image-302\" src=\"https:\/\/milibrohispano.org\/wp-content\/uploads\/2014\/08\/Banner-autores.png\" alt=\"Banner autores\" width=\"894\" height=\"393\" srcset=\"https:\/\/milibrohispano.org\/wp-content\/uploads\/2014\/08\/Banner-autores.png 894w, https:\/\/milibrohispano.org\/wp-content\/uploads\/2014\/08\/Banner-autores-250x110.png 250w, https:\/\/milibrohispano.org\/wp-content\/uploads\/2014\/08\/Banner-autores-768x338.png 768w, https:\/\/milibrohispano.org\/wp-content\/uploads\/2014\/08\/Banner-autores-16x7.png 16w, https:\/\/milibrohispano.org\/wp-content\/uploads\/2014\/08\/Banner-autores-624x274.png 624w, https:\/\/milibrohispano.org\/wp-content\/uploads\/2014\/08\/Banner-autores-24x11.png 24w, https:\/\/milibrohispano.org\/wp-content\/uploads\/2014\/08\/Banner-autores-36x16.png 36w, https:\/\/milibrohispano.org\/wp-content\/uploads\/2014\/08\/Banner-autores-48x21.png 48w, https:\/\/milibrohispano.org\/wp-content\/uploads\/2014\/08\/Banner-autores-380x167.png 380w, https:\/\/milibrohispano.org\/wp-content\/uploads\/2014\/08\/Banner-autores-600x264.png 600w\" sizes=\"auto, (max-width: 894px) 100vw, 894px\" \/><\/a><\/p>\n","protected":false},"excerpt":{"rendered":"<p>Tres poetas colombianos se preparan para compartir con el p\u00fablico de Miami, una muestra de su trabajo po\u00e9tico durante la Celebraci\u00f3n Internacional del Mes del Libro Hispano 2014. \u00a0Ellos son: [&hellip;]<\/p>\n","protected":false},"author":2,"featured_media":302,"comment_status":"open","ping_status":"open","sticky":false,"template":"","format":"standard","meta":{"_acf_changed":false,"om_disable_all_campaigns":false,"_monsterinsights_skip_tracking":false,"_monsterinsights_sitenote_active":false,"_monsterinsights_sitenote_note":"","_monsterinsights_sitenote_category":0,"_vp_format_video_url":"","_vp_image_focal_point":[],"footnotes":""},"categories":[4],"tags":[80,81,369,62,365,372],"class_list":["post-301","post","type-post","status-publish","format-standard","has-post-thumbnail","hentry","category-celebracion-2014","tag-consulado-general-de-colombia","tag-coral-gables","tag-john-jairo-palomino","tag-luis-carlos-fallon","tag-mes-de-la-hispanidad","tag-pilar-velez"],"acf":[],"aioseo_notices":[],"_links":{"self":[{"href":"https:\/\/milibrohispano.org\/en\/wp-json\/wp\/v2\/posts\/301","targetHints":{"allow":["GET"]}}],"collection":[{"href":"https:\/\/milibrohispano.org\/en\/wp-json\/wp\/v2\/posts"}],"about":[{"href":"https:\/\/milibrohispano.org\/en\/wp-json\/wp\/v2\/types\/post"}],"author":[{"embeddable":true,"href":"https:\/\/milibrohispano.org\/en\/wp-json\/wp\/v2\/users\/2"}],"replies":[{"embeddable":true,"href":"https:\/\/milibrohispano.org\/en\/wp-json\/wp\/v2\/comments?post=301"}],"version-history":[{"count":0,"href":"https:\/\/milibrohispano.org\/en\/wp-json\/wp\/v2\/posts\/301\/revisions"}],"wp:featuredmedia":[{"embeddable":true,"href":"https:\/\/milibrohispano.org\/en\/wp-json\/wp\/v2\/media\/302"}],"wp:attachment":[{"href":"https:\/\/milibrohispano.org\/en\/wp-json\/wp\/v2\/media?parent=301"}],"wp:term":[{"taxonomy":"category","embeddable":true,"href":"https:\/\/milibrohispano.org\/en\/wp-json\/wp\/v2\/categories?post=301"},{"taxonomy":"post_tag","embeddable":true,"href":"https:\/\/milibrohispano.org\/en\/wp-json\/wp\/v2\/tags?post=301"}],"curies":[{"name":"wp","href":"https:\/\/api.w.org\/{rel}","templated":true}]}}