{"id":233,"date":"2014-07-26T20:54:22","date_gmt":"2014-07-26T20:54:22","guid":{"rendered":"https:\/\/milibrohispano.org\/?p=233"},"modified":"2014-07-27T12:08:37","modified_gmt":"2014-07-27T12:08:37","slug":"no-a-los-ataques-con-acido-mensaje-del-mes-del-libro-hispano-2014","status":"publish","type":"post","link":"https:\/\/milibrohispano.org\/en\/no-a-los-ataques-con-acido-mensaje-del-mes-del-libro-hispano-2014\/","title":{"rendered":"\u00a1NO a los ataques con \u00e1cido! Mensaje del Mes del Libro Hispano 2014"},"content":{"rendered":"<p style=\"text-align: center;\"><strong>\u00a1NO a los ataques con \u00e1cido!<\/strong><\/p>\n<p style=\"text-align: center;\"><strong>Por amor a la vida, a la paz y a la dignidad humana<\/strong><\/p>\n<p style=\"text-align: center;\">\n<p>Uno podr\u00eda pensar que los ataques con \u00e1cido suceden solo en pa\u00edses como Bangladesh, Cambodia, India, Nepal, Pakist\u00e1n y Uganda, pero la triste realidad es que este tipo de violencia deliberada se ha extendido a pa\u00edses hispanos, como la hermosa Colombia, que ya ha purgado sus penas con el \u201cconflicto armado\u201d, la sombra aciaga de un pa\u00eds que sigue adelante gracias al tes\u00f3n de su gente.<\/p>\n<p>La violencia es un mal que no distingue. Las noticias de los horrorosos ataques con \u00e1cido son generadas hoy desde Colombia, pero ma\u00f1ana puede sucederle a cualquier otro pa\u00eds donde esta forma violencia encuentre el lugar propicio para expandirse como la hierba mala. \u00a0Es por eso que no hay que dejar que estos brotes de maldad germinen ni en Colombia, ni en ning\u00fan lugar; pues generalmente cuando la sociedad admite que sufre de un flagelo, ya es demasiado tarde. La violencia se va degenerando y encuentra nuevas formas de manifestarse lo que hace m\u00e1s dif\u00edcil su control y erradicaci\u00f3n.<\/p>\n<p>Cuando vemos las noticias y nos ense\u00f1an imagenes de cuerpos y rostros desfigurados a causa de estos ataques, surgen muchas preguntas del porque una persona puede llegar a agredir a otra para causarle tal da\u00f1o\u00a0y como la victima puede enfrentar la vida. \u00a0Uno se pregunta si esto no es una forma de asesinato, pues se trata de da\u00f1ar irremediablemente a un ser humano. Cualquiera que sea el motivo que mueve a causar este crimen, refleja un desequilibrio de las relaciones, los valores y el comportamiento de los seres humanos. <em>\u201c<\/em><em>Algunos de estos ataques tienen que ver con sentimientos humanos agresivos muy primitivos que incluso algunos psicoanalistas reconocidos han denominado \u201cfuria narcis\u00edstica\u201d, dirigidos a deformar la v\u00edctima de tal manera que se garantice \u201cque no va a ser de otro\u201d\u00bb,<\/em> opina el psiquiatra C\u00e9sar Augusto Arango[1].<\/p>\n<blockquote><p>\u201cEl Mes del Libro Hispano, se une a las v\u00edctimas y a la comunidad que ha levantado su voz en protesta para frenar esta ola de violencia.\u00a0 Como escritores y promotores de la cultura y la identidad de nuestros pueblos, nos manifestamos y le decimos: \u00a1No a los ataques con \u00e1cido! Es necesario que nuestra sociedad, desde todos los \u00e1mbitos, vele por los derechos humanos, la defensa de la vida y la dignidad. Es el \u00a0uso del di\u00e1logo, el entendimiento, la tolerancia, la justicia y el perd\u00f3n, lo que conduce a forjar la paz. Este da\u00f1o que se les hace a mujeres, hombres y ni\u00f1os, es un da\u00f1o que afecta a la sociedad de manera colectiva, no es un ataque individual. No debe verse como un problema ajeno, de la v\u00edctima\u201d.<\/p><\/blockquote>\n<p>El 80% de los casos son perpetrados en contra de las mujeres y de este porcentaje el 30% son a mujeres menores de 18 a\u00f1os[2]. Existe un caldo de cultivo propicio para que este tipo de violencia surja y prospere, comenzando por un sistema de justicia d\u00e9bil que no impone penas justas al no tratar este tipo de cr\u00edmenes con la severidad que corresponde; la venta no regularizada de estos qu\u00edmicos, la pobreza y la discriminaci\u00f3n en contra de la mujer. En algunos pa\u00edses se ataca con \u00e1cido a la mujer para castigarla por su &#8220;<em>conducta e inmoralidad&#8221;<\/em> y hasta es bien visto para defender el machismo y la autoridad del hombre.\u00a0 La gran mayor\u00eda de los agresores no recibe castigo. La impunidad es uno de los mejores aleados para que este mal gane terreno.<\/p>\n<p>De acuerdo ala ASTI &#8211; <em>Acid Survivors Trust International-<\/em>, cada a\u00f1o se reportan alrededor de 1500 casos a nivel mundial. &#8220;<em>Es muy probable que una gran cantidad de casos no sean reportados. A la mayor\u00eda de las v\u00edctimas les da miedo denunciar lo que les pas\u00f3 a la polic\u00eda porque temen que haya represalias&#8221;<\/em>, indic\u00f3 Jaf Shah, director ejecutivo de la organizaci\u00f3n. Al comparar esta cifra mundial con los 500 casos que se registraron en Colombia en el 2013, seg\u00fan lo public\u00f3 el peri\u00f3dico El Tiempo, se concluye que es imperativo que el gobierno y las organizaciones tomen medidas para evitar que este mal se degenere y arrastre m\u00e1s v\u00edctimas.\u00a0Una de las medidas adoptadas por el gobierno colombiano es la Ley 1639, con la que se impuso un sistema de penas entre 6 y 10 a\u00f1os a los agresores y una pena m\u00ednima que va entre los 8 a los 15 a\u00f1os, cuando los ataques se hacen contra el rostro y el cuello; m\u00e1s un proceso de regulaci\u00f3n para la venta al detalle de siete \u00e1cidos corrosivos y sustancias qu\u00edmicas que son empleadas para estos ataques. El tiempo nos dir\u00e1 si estas medidas sirven de barricada para acabar con este mal que afecta al pa\u00eds.<\/p>\n<p>Seg\u00fan un informe de Caracol Radio, publicado en varios diarios nacionales, se indica que 565 de los casos corresponde a mujeres, de las cuales 297 se encuentra en edades entre los 20 y 30 a\u00f1os, mientras que 361 casos corresponden a los hombres. \u00a0La lista de agresores incluye a vecinos, esposos, ex parejas, delincuencia com\u00fan, compa\u00f1eros de colegio y trabajo, arrendadores y clientes, empleados a jefes y supuestos amigos. <em>\u201c<\/em><em>Lo que llama m\u00e1s la atenci\u00f3n del informe del Instituto es que dentro de las cifras que hace referencia al parentesco de los agresores, 17 casos fueron perpetrados de padres a sus hijos 12 entre hermanos, 5 por ni\u00f1eras o cuidadores, 2 por hijos a sus madres y 5 por cu\u00f1ados\u201d<\/em><em>[3]<\/em><em>.<\/em><\/p>\n<p>Los casos de ataques con \u00e1cido incluyen a ciudadanos de varios pa\u00edses, como el caso de Kirstie Trup y Katie Gee, dos turistas brit\u00e1nicas que fueron atacadas en Zanz\u00edbar, cuando caminaban por la calle, o el caso del director art\u00edstico del Ballet Bolshoi de Rusia, Sergei Filin y la modelo inglesa Katie Piper, hoy activista, quien fue atacada por ex novio a causa de celos y se ha sometido a casi 100 operaciones para lograr la reconstrucci\u00f3n de su rostro.<\/p>\n<p>Durante el Mes del Libro Hispano estaremos publicando varias entrevistas, art\u00edculos y mensajes de la comunidad en apoyo a las v\u00edctimas de estos ataques. Es nuestro deseo que los escritores en Colombia y en todos los pa\u00edses\u00a0en donde se hayan presentado estas agresiones, se vinculen a esta campa\u00f1a, y que a trav\u00e9s de la literatura, seamos portadores de un mensaje de amor y de esperanza para quienes han sido v\u00edctimas de estos actos inhumanos.<\/p>\n<p>&nbsp;<\/p>\n<p style=\"text-align: center;\"><strong>\u00a0Siempre hay formas de ayudar al pr\u00f3jimo.<\/strong><\/p>\n<p>&nbsp;<\/p>\n<p style=\"text-align: center;\"><strong>Celebremos la Vida. Celebremos nuestra hispanidad con un mensaje de paz y de esperanza.\u00a0<\/strong><\/p>\n<p style=\"text-align: center;\"><strong>\u00a0<\/strong><\/p>\n<p>&nbsp;<\/p>\n<p>[1] http:\/\/www.cromos.com.co\/actualidad\/articulo-150068-jonathan-vega-monstruo-o-enfermo<\/p>\n<p>[2] http:\/\/www.bbc.co.uk\/mundo\/noticias\/2013\/08\/130810_ataques_acidos_mundo_mr.shtml<\/p>\n<p>[3] http:\/\/www.elpais.com.co\/elpais\/judicial\/noticias\/colombia-926-ataques-con-acido-han-sido-denunciados-desde-2004<\/p>\n","protected":false},"excerpt":{"rendered":"<p>\u00a1NO a los ataques con \u00e1cido! Por amor a la vida, a la paz y a la dignidad humana Uno podr\u00eda pensar que los ataques con \u00e1cido suceden solo en [&hellip;]<\/p>\n","protected":false},"author":2,"featured_media":0,"comment_status":"open","ping_status":"open","sticky":false,"template":"","format":"standard","meta":{"_acf_changed":false,"om_disable_all_campaigns":false,"_monsterinsights_skip_tracking":false,"_monsterinsights_sitenote_active":false,"_monsterinsights_sitenote_note":"","_monsterinsights_sitenote_category":0,"_vp_format_video_url":"","_vp_image_focal_point":[],"footnotes":""},"categories":[4],"tags":[24,29,26,23,365,366,27,28,25],"class_list":["post-233","post","type-post","status-publish","format-standard","hentry","category-celebracion-2014","tag-ataques-con-acido","tag-dialogo","tag-diginidad","tag-escritores-apoyan-la-paz","tag-mes-de-la-hispanidad","tag-mes-del-libro-hispano","tag-paz","tag-tolerancia","tag-valores-humanos"],"acf":[],"aioseo_notices":[],"_links":{"self":[{"href":"https:\/\/milibrohispano.org\/en\/wp-json\/wp\/v2\/posts\/233","targetHints":{"allow":["GET"]}}],"collection":[{"href":"https:\/\/milibrohispano.org\/en\/wp-json\/wp\/v2\/posts"}],"about":[{"href":"https:\/\/milibrohispano.org\/en\/wp-json\/wp\/v2\/types\/post"}],"author":[{"embeddable":true,"href":"https:\/\/milibrohispano.org\/en\/wp-json\/wp\/v2\/users\/2"}],"replies":[{"embeddable":true,"href":"https:\/\/milibrohispano.org\/en\/wp-json\/wp\/v2\/comments?post=233"}],"version-history":[{"count":0,"href":"https:\/\/milibrohispano.org\/en\/wp-json\/wp\/v2\/posts\/233\/revisions"}],"wp:attachment":[{"href":"https:\/\/milibrohispano.org\/en\/wp-json\/wp\/v2\/media?parent=233"}],"wp:term":[{"taxonomy":"category","embeddable":true,"href":"https:\/\/milibrohispano.org\/en\/wp-json\/wp\/v2\/categories?post=233"},{"taxonomy":"post_tag","embeddable":true,"href":"https:\/\/milibrohispano.org\/en\/wp-json\/wp\/v2\/tags?post=233"}],"curies":[{"name":"wp","href":"https:\/\/api.w.org\/{rel}","templated":true}]}}