{"id":1831,"date":"2016-05-17T18:35:46","date_gmt":"2016-05-17T23:05:46","guid":{"rendered":"https:\/\/milibrohispano.org\/?p=1831"},"modified":"2016-07-26T19:17:27","modified_gmt":"2016-07-26T23:47:27","slug":"maria-jose-castejon-dice-presente-en-eide","status":"publish","type":"post","link":"https:\/\/milibrohispano.org\/en\/maria-jose-castejon-dice-presente-en-eide\/","title":{"rendered":"Mar\u00eda Jos\u00e9 Castej\u00f3n dice presente en EIDE"},"content":{"rendered":"<p style=\"text-align: justify;\">La escritora\u00a0y poeta\u00a0espa\u00f1ola Mar\u00eda Jos\u00e9 Castej\u00f3n cruzar\u00e1 el Atl\u00e1ntico para estar presente en el\u00a0XII Encuentro Internacional de Escritoras Marjory Stoneman Douglas (EIDE).<\/p>\n<p style=\"text-align: justify;\"><em>Solfea mis curvas<\/em> y <em>Sensaciones compartidas<\/em> ser\u00e1n las obras que presentar\u00e1 durante el gran encuentro de escritoras por la naturaleza en Miami.<\/p>\n<p style=\"text-align: justify;\"><img loading=\"lazy\" decoding=\"async\" class=\"alignright wp-image-1836\" src=\"https:\/\/milibrohispano.org\/wp-content\/uploads\/2016\/05\/mar\u00eda-jos\u00e9-castej\u00f3n-portada-libro.jpg\" alt=\"mar\u00eda jos\u00e9 castej\u00f3n portada libro\" width=\"186\" height=\"282\" \/><\/p>\n<p style=\"text-align: justify;\"><em style=\"line-height: 1.5;\">Sensaciones compartidas<\/em><span style=\"line-height: 1.5;\"> consiste en un\u00a0<\/span><span style=\"line-height: 1.5;\">poemario breve y a golpe de intuici\u00f3n y de sentimiento. Con infinito amor a la pintura, a la vida y a la amistad. Es un libro que nace de la admiraci\u00f3n y del despertar de los sentidos.<\/span><\/p>\n<p style=\"text-align: justify;\">Libro de poes\u00eda inspirado en una exposici\u00f3n de cuadros del pintor Eduardo Laborda, realizada en La Lonja de Zaragoza en Octubre de 2013. El t\u00edtulo\u00a0del poema es el del cuadro.<\/p>\n<p style=\"text-align: justify;\">En una entrevista a la prensa Mar\u00eda Jos\u00e9 Castej\u00f3n revel\u00f3 m\u00e1s sobre esta obra: &#8220;Es un poemario que est\u00e1 dedicado a una exposici\u00f3n de Eduardo Laborda que tuvo lugar en octubre de 2013. A m\u00ed me gusta mucho su pintura y hab\u00eda d\u00edas en los que solo iba a la exposici\u00f3n y no pod\u00eda escribir nada, ha supuesto una gran responsabilidad escribir este libro, aunque los poemas sean cortitos. Es un homenaje a la amistad, ya que lo conozco desde hace m\u00e1s de 30 a\u00f1os y los poemas me costaron un esfuerzo intelectual tremendo, ya que hab\u00eda que tratar de coordinar la amistad con el pintor, la exposici\u00f3n, mi visi\u00f3n de poeta y hacer los poemas tan condensados&#8221;.<\/p>\n<p style=\"text-align: justify;\"><em><img loading=\"lazy\" decoding=\"async\" class=\"wp-image-1838 alignleft\" src=\"https:\/\/milibrohispano.org\/wp-content\/uploads\/2016\/05\/mar\u00eda-jos\u00e9-castej\u00f3n-solfea-mis-curvas.jpg\" alt=\"mar\u00eda jos\u00e9 castej\u00f3n solfea mis curvas\" width=\"186\" height=\"323\" srcset=\"https:\/\/milibrohispano.org\/wp-content\/uploads\/2016\/05\/mar\u00eda-jos\u00e9-castej\u00f3n-solfea-mis-curvas.jpg 921w, https:\/\/milibrohispano.org\/wp-content\/uploads\/2016\/05\/mar\u00eda-jos\u00e9-castej\u00f3n-solfea-mis-curvas-380x659.jpg 380w, https:\/\/milibrohispano.org\/wp-content\/uploads\/2016\/05\/mar\u00eda-jos\u00e9-castej\u00f3n-solfea-mis-curvas-600x1040.jpg 600w, https:\/\/milibrohispano.org\/wp-content\/uploads\/2016\/05\/mar\u00eda-jos\u00e9-castej\u00f3n-solfea-mis-curvas-173x300.jpg 173w, https:\/\/milibrohispano.org\/wp-content\/uploads\/2016\/05\/mar\u00eda-jos\u00e9-castej\u00f3n-solfea-mis-curvas-768x1332.jpg 768w, https:\/\/milibrohispano.org\/wp-content\/uploads\/2016\/05\/mar\u00eda-jos\u00e9-castej\u00f3n-solfea-mis-curvas-591x1024.jpg 591w, https:\/\/milibrohispano.org\/wp-content\/uploads\/2016\/05\/mar\u00eda-jos\u00e9-castej\u00f3n-solfea-mis-curvas-500x867.jpg 500w\" sizes=\"auto, (max-width: 186px) 100vw, 186px\" \/>Solfea mis curvas<\/em> es el segundo libro que nos presentar\u00e1: &#8220;Palabra contra la desesperaci\u00f3n y el miedo, verbo cuya materialidad adquiere forma en la promesa de su emergencia, o en la medida de su vac\u00edo. \u00a0S<em>olfea\u00a0mis\u00a0curvas<\/em>\u00a0plantea algunas de las cuestiones centrales a las que se ha enfrentado la revelaci\u00f3n po\u00e9tica a lo largo de su historia: \u00bfQu\u00e9 vocablo utilizar que d\u00e9 nombre a lo indecible?, \u00bfC\u00f3mo otorgar representaci\u00f3n y sentido al silencio ?, \u00bfQu\u00e9 rastro o huella dar\u00e1 cuenta de una memoria amenazada por el olvido? Aqu\u00ed la poes\u00eda es experiencia abismal, desaf\u00edo del lenguaje a la posibilidad de su propia extinci\u00f3n, palabra que al hacerse se deshace. En este sentido<em>\u00a0Solfea\u00a0mis\u00a0curvas<\/em> apuesta claramente por un decir puro sin condiciones, un decir repleto de m\u00fasica (y no callada) en el que la m\u00e1xima significaci\u00f3n se halla no tanto en lo dicho como en el mismo hecho de decir&#8221;, nos relata la autora.<\/p>\n<p style=\"text-align: justify;\"><strong><img loading=\"lazy\" decoding=\"async\" class=\"wp-image-1839 alignright\" src=\"https:\/\/milibrohispano.org\/wp-content\/uploads\/2016\/05\/maria-jose-trigo-poeta.jpg\" alt=\"maria-jose-trigo-poeta\" width=\"209\" height=\"312\" srcset=\"https:\/\/milibrohispano.org\/wp-content\/uploads\/2016\/05\/maria-jose-trigo-poeta.jpg 455w, https:\/\/milibrohispano.org\/wp-content\/uploads\/2016\/05\/maria-jose-trigo-poeta-380x568.jpg 380w, https:\/\/milibrohispano.org\/wp-content\/uploads\/2016\/05\/maria-jose-trigo-poeta-201x300.jpg 201w\" sizes=\"auto, (max-width: 209px) 100vw, 209px\" \/>Mar\u00eda Jos\u00e9 Castej\u00f3n Trigo.\u00a0<\/strong>Proveniente de Arag\u00f3n, Espa\u00f1a.\u00a0Licenciada en F\u00edsica At\u00f3mica y Nuclear. Vicepresidente de UMECEP ESPA\u00d1A, Diplomada en Historia de la Ciencia, en Teolog\u00eda y Cinematograf\u00eda.\u00a04 cursos de Bellas Artes. 20 exposiciones de pintura, en Zaragoza, Madrid y Teruel. Directora del corto\u00a0 VIVIR SIN TI. Redactora del Canal Bajo Arag\u00f3n y la Hora del Bajo Arag\u00f3n. Directora de\u00a0 LOS NI\u00d1OS VERSIFICAN y coordinadora de POES\u00cdA DE MUJERES. Profesora de IES y de Jj\u00f3venes ingresados por orden judicial. Ha publicados en diversas revistas online y de papel. \u00a0Ha participado en el VIII Encuentro de Escritores de Tarija ( Bolivia ). Ha publicado los libros de poes\u00eda\u00a0<em>Poemas Infinitos, Sensaciones Compartidas,<\/em><em>\u00a0Solfea mis curvas,\u00a0<\/em><em>Las antolog\u00eda de poes\u00eda: \u00a0Cuatricomia Alfa, Poes\u00eda de Colores (para ni\u00f1os), Poes\u00eda Des Dels Blacons I y II, Poetas en Red X y XI, En Clave de Fa A\u00fan Mayor, <\/em>incluida en el <em>Diccionario de Autores Aragoneses de 1885 a 2005<\/em>. As\u00ed como tambi\u00e9n es autora de la novela <em>El manantial del ciervo<\/em>.<\/p>\n","protected":false},"excerpt":{"rendered":"<p>La escritora\u00a0y poeta\u00a0espa\u00f1ola Mar\u00eda Jos\u00e9 Castej\u00f3n cruzar\u00e1 el Atl\u00e1ntico para estar presente en el\u00a0XII Encuentro Internacional de Escritoras Marjory Stoneman Douglas (EIDE). Solfea mis curvas y Sensaciones compartidas ser\u00e1n las [&hellip;]<\/p>\n","protected":false},"author":2,"featured_media":1837,"comment_status":"open","ping_status":"open","sticky":false,"template":"","format":"standard","meta":{"_acf_changed":false,"om_disable_all_campaigns":false,"_monsterinsights_skip_tracking":false,"_monsterinsights_sitenote_active":false,"_monsterinsights_sitenote_note":"","_monsterinsights_sitenote_category":0,"_vp_format_video_url":"","_vp_image_focal_point":[],"footnotes":""},"categories":[357,218,480,439],"tags":[484,490,432,489,486],"class_list":["post-1831","post","type-post","status-publish","format-standard","has-post-thumbnail","hentry","category-eie-miami-2016","category-libros","category-milibrohispano","category-xii-encuentro-internacional-de-escritoras","tag-escritora-y-poeta","tag-maria-jose-castejon","tag-mi-libro-hispano","tag-participante-en-xii-encuentro-internacional-de-escritoras-marjory-stoneman-douglas-eide","tag-xii-encuentro-internacional-de-escritoras-marjory-stoneman-douglas-eide"],"acf":[],"aioseo_notices":[],"_links":{"self":[{"href":"https:\/\/milibrohispano.org\/en\/wp-json\/wp\/v2\/posts\/1831","targetHints":{"allow":["GET"]}}],"collection":[{"href":"https:\/\/milibrohispano.org\/en\/wp-json\/wp\/v2\/posts"}],"about":[{"href":"https:\/\/milibrohispano.org\/en\/wp-json\/wp\/v2\/types\/post"}],"author":[{"embeddable":true,"href":"https:\/\/milibrohispano.org\/en\/wp-json\/wp\/v2\/users\/2"}],"replies":[{"embeddable":true,"href":"https:\/\/milibrohispano.org\/en\/wp-json\/wp\/v2\/comments?post=1831"}],"version-history":[{"count":0,"href":"https:\/\/milibrohispano.org\/en\/wp-json\/wp\/v2\/posts\/1831\/revisions"}],"wp:featuredmedia":[{"embeddable":true,"href":"https:\/\/milibrohispano.org\/en\/wp-json\/wp\/v2\/media\/1837"}],"wp:attachment":[{"href":"https:\/\/milibrohispano.org\/en\/wp-json\/wp\/v2\/media?parent=1831"}],"wp:term":[{"taxonomy":"category","embeddable":true,"href":"https:\/\/milibrohispano.org\/en\/wp-json\/wp\/v2\/categories?post=1831"},{"taxonomy":"post_tag","embeddable":true,"href":"https:\/\/milibrohispano.org\/en\/wp-json\/wp\/v2\/tags?post=1831"}],"curies":[{"name":"wp","href":"https:\/\/api.w.org\/{rel}","templated":true}]}}