{"id":1811,"date":"2016-05-17T16:54:28","date_gmt":"2016-05-17T21:24:28","guid":{"rendered":"https:\/\/milibrohispano.org\/?p=1811"},"modified":"2016-07-26T19:19:24","modified_gmt":"2016-07-26T23:49:24","slug":"ojos-avellana-se-presentara-en-eide","status":"publish","type":"post","link":"https:\/\/milibrohispano.org\/en\/ojos-avellana-se-presentara-en-eide\/","title":{"rendered":"Ojos Avellana se presentar\u00e1 en EIDE"},"content":{"rendered":"<p style=\"text-align: justify;\">La ganadora del\u00a0<b><span lang=\"ES\">Latino Book Awards<\/span><\/b><span lang=\"ES\"> como\u00a0<\/span><span lang=\"ES\"><em>Mejor libro No Ficci\u00f3n<\/em>\u00a0-traducido del ingl\u00e9s al espa\u00f1ol-\u00a0y<\/span><span lang=\"ES\">\u00a0<em>Mejor libro No Ficci\u00f3n Electr\u00f3nico,<\/em>\u00a0l<\/span>a escritora y poeta de origen colombiano\u00a0<strong>Maritza Mart\u00ednez Mej\u00eda<\/strong> lanzar\u00e1 su libro &#8220;Ojos Avellana&#8221; con la editorial <em>Entre L\u00edneas\u00a0<\/em>en el XII Encuentro Internacional de Escritoras Marjory Stoneman Douglas (EIDE).<\/p>\n<p style=\"text-align: justify;\"><img loading=\"lazy\" decoding=\"async\" class=\"aligncenter wp-image-2475\" src=\"https:\/\/milibrohispano.org\/wp-content\/uploads\/2016\/05\/Martiza-Mejia-nueva-portadas-Ojos-Avellana_Mejia.jpg\" alt=\"Martiza Mejia nueva portadas Ojos Avellana_Mejia\" width=\"272\" height=\"408\" srcset=\"https:\/\/milibrohispano.org\/wp-content\/uploads\/2016\/05\/Martiza-Mejia-nueva-portadas-Ojos-Avellana_Mejia.jpg 640w, https:\/\/milibrohispano.org\/wp-content\/uploads\/2016\/05\/Martiza-Mejia-nueva-portadas-Ojos-Avellana_Mejia-380x570.jpg 380w, https:\/\/milibrohispano.org\/wp-content\/uploads\/2016\/05\/Martiza-Mejia-nueva-portadas-Ojos-Avellana_Mejia-600x900.jpg 600w\" sizes=\"auto, (max-width: 272px) 100vw, 272px\" \/><br \/>\nMaritza Mart\u00ednez Mej\u00eda public\u00f3 sus memorias en ingl\u00e9s con el titulo <em>Hazel Eyes<\/em> (2010) y present\u00f3 su traducci\u00f3n con el titulo <em>Ojos Avellana<\/em> al concurso Indie de Amazon 2015. \u00a0\u00a0Es la autora de dos cuentos biling\u00fces y un libro de poes\u00edas biling\u00fces galardonado con el premio<em> Virtue Christian Poetry 2016<\/em>.<\/p>\n<p style=\"text-align: justify;\">Ojos avellana lleva al lector por un viaje espiritual de fe. Estas memorias conectan cada cap\u00edtulo con historias comunes y hechos sobrenaturales vividos por la autora. Los temas incluyen los conflictos de la adolescencia, la vida universitaria, tradiciones, cultura, religi\u00f3n, matrimonio, maternidad, envejecimiento y muerte. Ojos avellana patrocina la Campa\u00f1a por la Dignidad Humana.<\/p>\n<p style=\"padding-left: 60px; text-align: justify;\">\u201cOjos avellana atrapa al lector desde las\u00a0primeras p\u00e1ginas, ese es el verdadero talento del escritor\u201d, dice la escritora paname\u00f1a Rose Marie Tapia R.<\/p>\n<div style=\"text-align: justify;\">\n<p style=\"padding-left: 60px;\">\u201cUn relato claro lleno de verdad y de amor, no por el arte de la l\u00f3gica o de la est\u00e9tica, sino por la gracia de la sinceridad. Con base en tu luminoso concepto de fe, todo es posible\u201d. Nhora Girlado<\/p>\n<p style=\"padding-left: 60px;\">\u201cCuando quiera sumirse en un mundo de delicada urdimbre, deliciosa lectura y deslumbrante historia que lo enriquecer\u00e1 profundamente de una manera espiritual, le recomiendo que abra las p\u00e1ginas de este libro titulado, Ojos avellana, de la escritora colombiana, Maritza Mart\u00ednez Mej\u00eda&#8221;. \u00a0<a href=\"https:\/\/www.facebook.com\/mercedeseleine.gonzalez\" target=\"_blank\" data-saferedirecturl=\"https:\/\/www.google.com\/url?hl=es&amp;q=https:\/\/www.facebook.com\/mercedeseleine.gonzalez&amp;source=gmail&amp;ust=1468422615774000&amp;usg=AFQjCNHqjypQw_eYqya0xCa-27qV0S87Cw\">Mercedes Eleine Gonzalez<\/a>&#8211; (Publicaciones\u00a0<a href=\"https:\/\/www.facebook.com\/entre.lineas.7\" target=\"_blank\" data-saferedirecturl=\"https:\/\/www.google.com\/url?hl=es&amp;q=https:\/\/www.facebook.com\/entre.lineas.7&amp;source=gmail&amp;ust=1468422615775000&amp;usg=AFQjCNG-mof8_DWDHf3i49Ax-VUql8LTUQ\">Entre L\u00edneas<\/a>)<\/p>\n<\/div>\n<p style=\"text-align: justify;\">El libro se consigue en este link:\u00a0<a href=\"http:\/\/www.amazon.com\/Maritza-Martinez-Mejia\/e\/B009DKDXFW\/\" target=\"_blank\">Ojos Avellana<\/a><\/p>\n<p style=\"text-align: justify;\">La escritora y poeta cuenta con su portal\u00a0<a href=\"http:\/\/www.luzdelmes.com\/\" target=\"_blank\">Luz del Mes<\/a>\u00a0donde comparte regularmente sus escritos. Durante el XII Encuentro Internacional de Escritoras tambi\u00e9n participar\u00e1 en un recital de poes\u00eda, promoviendo su libro\u00a0biling\u00fce <em><a href=\"http:\/\/www.amazon.com\/Poems-Thoughts-More-Poemas-Pensamientos-ebook\/dp\/B00WCBNWNC\" data-saferedirecturl=\"https:\/\/www.google.com\/url?hl=es&amp;q=http:\/\/www.amazon.com\/Poems-Thoughts-More-Poemas-Pensamientos-ebook\/dp\/B00WCBNWNC&amp;source=gmail&amp;ust=1463605438232000&amp;usg=AFQjCNEHjdKfXLLqslAQGw6HDFv52frVoA\">Poemas, Pensamientos y Algo M\u00e1s<\/a>, <\/em>el cual\u00a0ha sido galardonado con el premio Virtue Christian Poetry Award 2015.<\/p>\n<p style=\"text-align: justify;\"><strong>Poemas, Pensamientos y algo m\u00e1s<\/strong><\/p>\n<p style=\"text-align: justify;\"><em><a href=\"http:\/\/www.amazon.com\/Poems-Thoughts-More-Poemas-Pensamientos-ebook\/dp\/B00WCBNWNC\" target=\"_blank\" data-saferedirecturl=\"https:\/\/www.google.com\/url?hl=es&amp;q=http:\/\/www.amazon.com\/Poems-Thoughts-More-Poemas-Pensamientos-ebook\/dp\/B00WCBNWNC&amp;source=gmail&amp;ust=1463605438233000&amp;usg=AFQjCNEUvSygI1Ip5c02sK_9FzyPsMsVcg\"><img loading=\"lazy\" decoding=\"async\" class=\"wp-image-1816 alignleft\" src=\"https:\/\/milibrohispano.org\/wp-content\/uploads\/2016\/05\/maritza-_FINAL-Front-Cover.jpg\" alt=\"maritza _FINAL Front Cover\" width=\"180\" height=\"280\" srcset=\"https:\/\/milibrohispano.org\/wp-content\/uploads\/2016\/05\/maritza-_FINAL-Front-Cover.jpg 844w, https:\/\/milibrohispano.org\/wp-content\/uploads\/2016\/05\/maritza-_FINAL-Front-Cover-380x591.jpg 380w, https:\/\/milibrohispano.org\/wp-content\/uploads\/2016\/05\/maritza-_FINAL-Front-Cover-600x933.jpg 600w, https:\/\/milibrohispano.org\/wp-content\/uploads\/2016\/05\/maritza-_FINAL-Front-Cover-193x300.jpg 193w, https:\/\/milibrohispano.org\/wp-content\/uploads\/2016\/05\/maritza-_FINAL-Front-Cover-768x1194.jpg 768w, https:\/\/milibrohispano.org\/wp-content\/uploads\/2016\/05\/maritza-_FINAL-Front-Cover-659x1024.jpg 659w, https:\/\/milibrohispano.org\/wp-content\/uploads\/2016\/05\/maritza-_FINAL-Front-Cover-292x452.jpg 292w, https:\/\/milibrohispano.org\/wp-content\/uploads\/2016\/05\/maritza-_FINAL-Front-Cover-500x777.jpg 500w\" sizes=\"auto, (max-width: 180px) 100vw, 180px\" \/>Poemas, Pensamientos y Algo M\u00e1s<\/a> <\/em>es un libro biling\u00fce de poemas en Ingl\u00e9s\/Espa\u00f1ol para celebrar la vida con an\u00e9cdotas de viajes del autor y microrrelatos. \u00c9ste libro es para \u00a0adultos y los amantes de la poes\u00eda.<\/p>\n<p style=\"text-align: justify;\">&#8220;La raz\u00f3n por la cual escrib\u00ed \u00e9ste libro fue para presentar la mejor colecci\u00f3n de poemas. Por varios a\u00f1os he publicado un poema mensual, citas c\u00e9lebres y reflexiones en mi p\u00e1gina de Facebook y Website&#8221;, cuenta.<\/p>\n<p style=\"text-align: justify;\">Poemas, Pensamientos y algo m\u00e1s\u00a0se encuentra en versi\u00f3n digital y de papel disponible en Amazon o directamente en exposiciones del libro.<\/p>\n<p style=\"text-align: justify;\"><em><strong><img loading=\"lazy\" decoding=\"async\" class=\"alignright wp-image-1814\" src=\"https:\/\/milibrohispano.org\/wp-content\/uploads\/2016\/05\/EIDE-Profile-Mejia-1.jpg\" alt=\"EIDE Profile-Mejia\" width=\"181\" height=\"236\" srcset=\"https:\/\/milibrohispano.org\/wp-content\/uploads\/2016\/05\/EIDE-Profile-Mejia-1.jpg 638w, https:\/\/milibrohispano.org\/wp-content\/uploads\/2016\/05\/EIDE-Profile-Mejia-1-380x496.jpg 380w, https:\/\/milibrohispano.org\/wp-content\/uploads\/2016\/05\/EIDE-Profile-Mejia-1-600x782.jpg 600w, https:\/\/milibrohispano.org\/wp-content\/uploads\/2016\/05\/EIDE-Profile-Mejia-1-230x300.jpg 230w, https:\/\/milibrohispano.org\/wp-content\/uploads\/2016\/05\/EIDE-Profile-Mejia-1-500x652.jpg 500w\" sizes=\"auto, (max-width: 181px) 100vw, 181px\" \/>Sobre\u00a0<\/strong><\/em><strong><em>Maritza Mart\u00ednez Mej\u00eda.<\/em><\/strong>\u00a0Madre, educadora, traductora y escritora colombiana radicada en la Florida. Ha recibido el reconocimiento \u201cCrystal Apple\u201d 2006, por su servicio voluntario a la comunidad.\u00a0Es autora de sus memorias \u201cHazel Eyes\u201d publicada en el 2010 y traducida al espa\u00f1ol con el titulo Ojos Avellana en el 2015 para participar en el Concurso Indie 2015 de Amazon.com.<\/p>\n<p style=\"text-align: justify;\">Su primer libro de poes\u00edas \u201cPoemas, Pensamiento y Algo m\u00e1s\u201d publicado en\u00a0mayo del 2015 recibi\u00f3 el Galard\u00f3n de \u201cVirtue Christian Poetry 2015&#8243;.<\/p>\n<p style=\"text-align: justify;\">Es tambi\u00e9n autora de una colecci\u00f3n de Cuentos Biling\u00fces llamada <em>Lecciones de Vida<\/em> que han recibido el Premio de Cinco Estrellas de \u201cReader\u2019s Favorite\u201d y \u201cVirtue\u2019s Christian\u201d.\u00a0Maritza Mart\u00ednez Mej\u00eda se gradu\u00f3 en el Colegio Mayor de Cundinamarca en \u201cComercio e Idiomas\u201d y obtuvo su t\u00edtulo de \u201cHumanidad y Estudio de la Mujer\u201d en la Universidad Florida Atlantic University.\u00a0Escribe para inspirar a otros a ser mejores personas.<\/p>\n<p style=\"text-align: justify;\"><strong><em>Otras publicaciones:\u00a0Vainilla y Chocolate<\/em><\/strong> (2012), que cuenta la\u00a0historia de\u00a0una preocupada profesora que ayuda a dos amigos a estar juntos despu\u00e9s que sus padres se reh\u00fasan a dejarlos jugar juntos por el color de su piel. Cuentos Biling\u00fces para ni\u00f1os de 5-8 a\u00f1os (k-3er grado).\u00a0<strong><em>El Tesoro de la Abuela<\/em><\/strong> (2014) que narra como una\u00a0abuelita enfadada ense\u00f1a a sus nietos una lecci\u00f3n de vida para valorar lo que tienen revel\u00e1ndoles sus m\u00e1s valiosos tesoros cuando era una ni\u00f1a. Cuentos Biling\u00fces para ni\u00f1os de 5-8 a\u00f1os (k-3er grado).<\/p>\n<p style=\"text-align: justify;\">Maritza est\u00e1 en redes sociales como <a href=\"https:\/\/www.facebook.com\/MaritzaMartinezMejia?fref=nf\" target=\"_blank\">Facebook<\/a>,\u00a0<a href=\"https:\/\/twitter.com\/luzdelmes\" target=\"_blank\">Twitter<\/a>\u00a0y <a href=\"http:\/\/www.amazon.com\/Maritza-Martinez-Mejia\/e\/B009DKDXFW\/\" target=\"_blank\">Amazon<\/a>.<\/p>\n","protected":false},"excerpt":{"rendered":"<p>La ganadora del\u00a0Latino Book Awards como\u00a0Mejor libro No Ficci\u00f3n\u00a0-traducido del ingl\u00e9s al espa\u00f1ol-\u00a0y\u00a0Mejor libro No Ficci\u00f3n Electr\u00f3nico,\u00a0la escritora y poeta de origen colombiano\u00a0Maritza Mart\u00ednez Mej\u00eda lanzar\u00e1 su libro &#8220;Ojos Avellana&#8221; [&hellip;]<\/p>\n","protected":false},"author":2,"featured_media":1817,"comment_status":"open","ping_status":"open","sticky":false,"template":"","format":"standard","meta":{"_acf_changed":false,"om_disable_all_campaigns":false,"_monsterinsights_skip_tracking":false,"_monsterinsights_sitenote_active":false,"_monsterinsights_sitenote_note":"","_monsterinsights_sitenote_category":0,"_vp_format_video_url":"","_vp_image_focal_point":[],"footnotes":""},"categories":[357,360,218,480,439],"tags":[484,483,432,485,486],"class_list":["post-1811","post","type-post","status-publish","format-standard","has-post-thumbnail","hentry","category-eie-miami-2016","category-eventos","category-libros","category-milibrohispano","category-xii-encuentro-internacional-de-escritoras","tag-escritora-y-poeta","tag-maritza-martinez-mejia","tag-mi-libro-hispano","tag-participante-xii-encuentro-internacional-de-escritoras-marjory-stoneman-douglas-eide","tag-xii-encuentro-internacional-de-escritoras-marjory-stoneman-douglas-eide"],"acf":[],"aioseo_notices":[],"_links":{"self":[{"href":"https:\/\/milibrohispano.org\/en\/wp-json\/wp\/v2\/posts\/1811","targetHints":{"allow":["GET"]}}],"collection":[{"href":"https:\/\/milibrohispano.org\/en\/wp-json\/wp\/v2\/posts"}],"about":[{"href":"https:\/\/milibrohispano.org\/en\/wp-json\/wp\/v2\/types\/post"}],"author":[{"embeddable":true,"href":"https:\/\/milibrohispano.org\/en\/wp-json\/wp\/v2\/users\/2"}],"replies":[{"embeddable":true,"href":"https:\/\/milibrohispano.org\/en\/wp-json\/wp\/v2\/comments?post=1811"}],"version-history":[{"count":0,"href":"https:\/\/milibrohispano.org\/en\/wp-json\/wp\/v2\/posts\/1811\/revisions"}],"wp:featuredmedia":[{"embeddable":true,"href":"https:\/\/milibrohispano.org\/en\/wp-json\/wp\/v2\/media\/1817"}],"wp:attachment":[{"href":"https:\/\/milibrohispano.org\/en\/wp-json\/wp\/v2\/media?parent=1811"}],"wp:term":[{"taxonomy":"category","embeddable":true,"href":"https:\/\/milibrohispano.org\/en\/wp-json\/wp\/v2\/categories?post=1811"},{"taxonomy":"post_tag","embeddable":true,"href":"https:\/\/milibrohispano.org\/en\/wp-json\/wp\/v2\/tags?post=1811"}],"curies":[{"name":"wp","href":"https:\/\/api.w.org\/{rel}","templated":true}]}}