{"id":1624,"date":"2015-11-03T14:06:11","date_gmt":"2015-11-03T18:36:11","guid":{"rendered":"https:\/\/milibrohispano.org\/?p=1624"},"modified":"2015-11-03T14:06:11","modified_gmt":"2015-11-03T18:36:11","slug":"fundacion-latinoamericanos-unidos-apoya-el-xii-encuentro-internacional-de-escritoras-marjory-stoneman-douglas","status":"publish","type":"post","link":"https:\/\/milibrohispano.org\/en\/fundacion-latinoamericanos-unidos-apoya-el-xii-encuentro-internacional-de-escritoras-marjory-stoneman-douglas\/","title":{"rendered":"Fundaci\u00f3n Latinoamericanos Unidos apoya el XII Encuentro Internacional de Escritoras \u201cMarjory Stoneman Douglas\u201d"},"content":{"rendered":"<p>La Fundaci\u00f3n Latinoamericanos Unidos que preside Alba Luc\u00eda V\u00e9lez, decidi\u00f3 apoyar nuestro\u00a0evento a realizarse\u00a0en la ciudad de Miami del 11 al 15 de septiembre de 2016, organizado y promovido por la Hispanic Heritage Literature Organization, en honor a la periodista, escritora, l\u00edder ambientalista y defensora de los Everglades, Marjory Stoneman Douglas.<\/p>\n<p>Alba Luc\u00eda V\u00e9lez manifest\u00f3 que la decisi\u00f3n de respaldo a este importante evento se produjo de manera un\u00e1nime pues la misi\u00f3n de la fundaci\u00f3n que preside es \u201cpromover la cultura, el folclore, la educaci\u00f3n, la m\u00fasica y este encuentro re\u00fane todas manifestaciones del saber humano\u201d. La Fundaci\u00f3n Latinoamericanos Unidos tendr\u00e1 la responsabilidad de preparar la interesante agenda cultural que se cumplir\u00e1 en este encuentro de cinco d\u00edas y en el que se estima asistir\u00e1n m\u00e1s de 300 intelectuales, en su mayor\u00eda escritoras y escritores, provenientes de diversas partes del mundo, en una agenda biling\u00fce con actividades y presentaciones en espa\u00f1ol y en ingl\u00e9s.<\/p>\n<p><a href=\"https:\/\/milibrohispano.org\/wp-content\/uploads\/2015\/11\/Alva-lucia-velez-2.jpg\"><img loading=\"lazy\" decoding=\"async\" class=\"wp-image-1625 alignleft\" src=\"https:\/\/milibrohispano.org\/wp-content\/uploads\/2015\/11\/Alva-lucia-velez-2.jpg\" alt=\"Alva-lucia-velez-2\" width=\"334\" height=\"188\" srcset=\"https:\/\/milibrohispano.org\/wp-content\/uploads\/2015\/11\/Alva-lucia-velez-2.jpg 640w, https:\/\/milibrohispano.org\/wp-content\/uploads\/2015\/11\/Alva-lucia-velez-2-380x214.jpg 380w, https:\/\/milibrohispano.org\/wp-content\/uploads\/2015\/11\/Alva-lucia-velez-2-600x338.jpg 600w, https:\/\/milibrohispano.org\/wp-content\/uploads\/2015\/11\/Alva-lucia-velez-2-300x169.jpg 300w, https:\/\/milibrohispano.org\/wp-content\/uploads\/2015\/11\/Alva-lucia-velez-2-500x281.jpg 500w\" sizes=\"auto, (max-width: 334px) 100vw, 334px\" \/><\/a>La presidenta de Fundaci\u00f3n Latinoamericanos Unidos destac\u00f3 que como asociaci\u00f3n se sienten honrados en apoyar este tipo de iniciativas que promueven la educaci\u00f3n de los pueblos y Marjory Stoneman Douglas fue una gran l\u00edder quien a trav\u00e9s sus acciones y sus letras logr\u00f3 trascender y fue \u00fatil a su comunidad hasta el final de sus d\u00edas\u201d.<\/p>\n<p>La convocatoria para este XII Encuentro es de car\u00e1cter internacional y est\u00e1 dirigido a todos los escritores y escritoras, poetas, periodistas, educadores, estudiantes, investigadores, bibliotecarios, organizaciones de tipo ambiental y socio-cultural, instituciones educativas, dependencias gubernamentales, revistas literarias, clubes de lectura y medios de comunicaci\u00f3n social, dentro y fuera de los Estados Unidos, haciendo un \u00e9nfasis especial en la comunidad hispana, que es el eje de esta convocatoria.<\/p>\n<p>El Encuentro Latinoamericano de Escritoras naci\u00f3 en 1998 por iniciativa de la escritora peruana Elizabeth Altamirano con apoyo del Centro de Escritoras de Arequipa y la Municipalidad de Arequipa (Per\u00fa). Estos Encuentros Internacionales de Escritoras, han recorrido desde su origen en Per\u00fa, pa\u00edses como Chile, Uruguay, Argentina, Puerto Rico, M\u00e9xico, Espa\u00f1a, Venezuela, Colombia, Panam\u00e1, Brasil y ahora le corresponde a Estados Unidos, a la ciudad de Miami, y la presidencia recay\u00f3 en la escritora, poetisa y economista Pilar V\u00e9lez Zamparelli, quien ha asumido la compleja organizaci\u00f3n de este evento desde la instituci\u00f3n que preside: la Hispanic Heritage Literature Organization y que acoge este evento como parte de la Celebraci\u00f3n Internacional del Mes del Libro Hispano, en el contexto de la celebraci\u00f3n del Mes de la Herencia Hispana del pr\u00f3ximo a\u00f1o.<\/p>\n<p>Para conocer el trabajo de la Fundaci\u00f3n Latinoamericanos Unidos, puede visitar:<br \/>\n<strong>http:\/\/www.fundacionlatinoamericanosunidos.org\/<\/strong><\/p>\n","protected":false},"excerpt":{"rendered":"<p>La Fundaci\u00f3n Latinoamericanos Unidos que preside Alba Luc\u00eda V\u00e9lez, decidi\u00f3 apoyar nuestro\u00a0evento a realizarse\u00a0en la ciudad de Miami del 11 al 15 de septiembre de 2016, organizado y promovido por [&hellip;]<\/p>\n","protected":false},"author":2,"featured_media":1628,"comment_status":"open","ping_status":"open","sticky":false,"template":"","format":"standard","meta":{"_acf_changed":false,"om_disable_all_campaigns":false,"_monsterinsights_skip_tracking":false,"_monsterinsights_sitenote_active":false,"_monsterinsights_sitenote_note":"","_monsterinsights_sitenote_category":0,"_vp_format_video_url":"","_vp_image_focal_point":[],"footnotes":""},"categories":[357,406,439],"tags":[440,444,443,445,351],"class_list":["post-1624","post","type-post","status-publish","format-standard","has-post-thumbnail","hentry","category-eie-miami-2016","category-sin-categoria","category-xii-encuentro-internacional-de-escritoras","tag-celebracion-internacional-del-mes-del-libro-hispano","tag-encuentro-latinoamericano-de-escritoras","tag-fundacion-latinoamericanos-unidos","tag-hispanic-heritage-literature-organizatio","tag-marjory-stoneman-douglas"],"acf":[],"aioseo_notices":[],"_links":{"self":[{"href":"https:\/\/milibrohispano.org\/en\/wp-json\/wp\/v2\/posts\/1624","targetHints":{"allow":["GET"]}}],"collection":[{"href":"https:\/\/milibrohispano.org\/en\/wp-json\/wp\/v2\/posts"}],"about":[{"href":"https:\/\/milibrohispano.org\/en\/wp-json\/wp\/v2\/types\/post"}],"author":[{"embeddable":true,"href":"https:\/\/milibrohispano.org\/en\/wp-json\/wp\/v2\/users\/2"}],"replies":[{"embeddable":true,"href":"https:\/\/milibrohispano.org\/en\/wp-json\/wp\/v2\/comments?post=1624"}],"version-history":[{"count":0,"href":"https:\/\/milibrohispano.org\/en\/wp-json\/wp\/v2\/posts\/1624\/revisions"}],"wp:featuredmedia":[{"embeddable":true,"href":"https:\/\/milibrohispano.org\/en\/wp-json\/wp\/v2\/media\/1628"}],"wp:attachment":[{"href":"https:\/\/milibrohispano.org\/en\/wp-json\/wp\/v2\/media?parent=1624"}],"wp:term":[{"taxonomy":"category","embeddable":true,"href":"https:\/\/milibrohispano.org\/en\/wp-json\/wp\/v2\/categories?post=1624"},{"taxonomy":"post_tag","embeddable":true,"href":"https:\/\/milibrohispano.org\/en\/wp-json\/wp\/v2\/tags?post=1624"}],"curies":[{"name":"wp","href":"https:\/\/api.w.org\/{rel}","templated":true}]}}